{"id":1304,"date":"2015-12-15T14:34:26","date_gmt":"2015-12-15T14:34:26","guid":{"rendered":"http:\/\/urquiabas.com\/ca\/?p=1304"},"modified":"2015-12-04T13:04:05","modified_gmt":"2015-12-04T13:04:05","slug":"3-casos-que-no-cobreix-lasseguranca-del-teu-cotxe","status":"publish","type":"post","link":"https:\/\/urquiabas.com\/ca\/3-casos-que-no-cobreix-lasseguranca-del-teu-cotxe\/","title":{"rendered":"3.- Casos que no cobreix l&#8217;asseguran\u00e7a del teu cotxe."},"content":{"rendered":"<h4>Altres casos:<\/h4>\n<ul>\n<li>Cap p\u00f2lissa cobrir\u00e0 els <strong>danys causats volunt\u00e0riament per l&#8217;assegurat<\/strong>.<\/li>\n<li>Ni quan s&#8217;ha provocat un accident i s&#8217;estava conduint sota els efectes de l&#8217;<strong>alcohol, les drogues o sense carnet.<\/strong><\/li>\n<li>Si el cotxe no ha passat la<\/li>\n<li>Fins i tot si es produeix una <strong>col\u00b7lisi\u00f3 amb un familiar<\/strong>, les asseguradores poden negar-se a pagar les despeses, doncs  tendeixen a pensar que \u00e9s un frau, sobre tot si es comparteix habitatge. De vegades, tamb\u00e9 sospiten de sinistres entre ve\u00efns.<\/li>\n<li>En cas de <strong>transportar m\u00e9s c\u00e0rrega o passatgers dels permesos<\/strong> (per exemple, sis en un vehicle de cinc places), ser\u00e0 el prenedor de la p\u00f2lissa qui hagi de respondre pels danys o qualsevol indemnitzaci\u00f3.<\/li>\n<li>Si <strong>no s&#8217;han pagat a temps les primes<\/strong>, la companyia asseguradora es pot reservar el dret de no cobrir qualsevol tipus d&#8217;eventualitat o sinistre que ocorri.<\/li>\n<li>Un altre dels casos es produeix a l&#8217;hora d&#8217;assegurar a <strong>conductors nobells<\/strong>. Si un menor de 25 anys condueix el vehicle, t\u00e9 un sinistre i el seu nom no apareix a la p\u00f2lissa com a conductor, poques companyies es faran c\u00e0rrec dels danys que provoqui a tercers o al cotxe. \u00c9s molt com\u00fa que la companyia asseguradora argumenti mala fe i no es faci c\u00e0rrec dels desperfectes. Per tal d&#8217;evitar aquest tipus de situacions, es recomana incloure al jove a la p\u00f2lissa com a segon conductor, en caso que en faci un \u00fas ocasional. Si el menor de 25 anys conduir\u00e0 el cotxe de manera habitual, la millor alternativa \u00e9s contractar una asseguran\u00e7a al seu nombre.<\/li>\n<li>A m\u00e9s, cap asseguradora indemnitzar\u00e0 per inundaci\u00f3, terratr\u00e8mol, tsunami, erupci\u00f3 volc\u00e0nica, huracans, terrorisme, motins, accident nuclear, manifestacions o vagues i fets declarats com a cat\u00e0strofe nacional. En aquests casos, la indemnitzaci\u00f3 <strong>correr\u00e0 a c\u00e0rrec del Consorci d&#8217;Assegurances,<\/strong> sempre que com a m\u00ednim s&#8217;hagi contractat una cobertura de danys, com per exemple el trencament de llunes.<\/li>\n<\/ul>\n","protected":false},"excerpt":{"rendered":"<p>Altres casos: Cap p\u00f2lissa cobrir\u00e0 els danys causats volunt\u00e0riament per l&#8217;assegurat. Ni quan s&#8217;ha provocat un accident i s&#8217;estava conduint sota els efectes de l&#8217;alcohol, les drogues o sense carnet. Si el cotxe no ha passat la Fins i tot si es produeix una col\u00b7lisi\u00f3 amb un familiar, les asseguradores poden negar-se a pagar les [&hellip;]<\/p>\n","protected":false},"author":5,"featured_media":1223,"comment_status":"closed","ping_status":"closed","sticky":false,"template":"","format":"standard","meta":{"_acf_changed":false,"inline_featured_image":false,"footnotes":""},"categories":[14,18],"tags":[],"class_list":["post-1304","post","type-post","status-publish","format-standard","has-post-thumbnail","hentry","category-informacio-dinteres","category-porque-no-todo-se-cubre"],"acf":[],"yoast_head":"<!-- This site is optimized with the Yoast SEO plugin v27.5 - https:\/\/yoast.com\/product\/yoast-seo-wordpress\/ -->\n<title>3.- Casos que no cobreix l&#039;asseguran\u00e7a del teu cotxe.<\/title>\n<meta name=\"robots\" content=\"index, follow, max-snippet:-1, max-image-preview:large, max-video-preview:-1\" \/>\n<link rel=\"canonical\" href=\"https:\/\/urquiabas.com\/ca\/3-casos-que-no-cobreix-lasseguranca-del-teu-cotxe\/\" \/>\n<meta property=\"og:locale\" content=\"ca_ES\" \/>\n<meta property=\"og:type\" content=\"article\" \/>\n<meta property=\"og:title\" content=\"3.- Casos que no cobreix l&#039;asseguran\u00e7a del teu cotxe.\" \/>\n<meta property=\"og:description\" content=\"Altres casos: Cap p\u00f2lissa cobrir\u00e0 els danys causats volunt\u00e0riament per l&#8217;assegurat. Ni quan s&#8217;ha provocat un accident i s&#8217;estava conduint sota els efectes de l&#8217;alcohol, les drogues o sense carnet. Si el cotxe no ha passat la Fins i tot si es produeix una col\u00b7lisi\u00f3 amb un familiar, les asseguradores poden negar-se a pagar les [&hellip;]\" \/>\n<meta property=\"og:url\" content=\"https:\/\/urquiabas.com\/ca\/3-casos-que-no-cobreix-lasseguranca-del-teu-cotxe\/\" \/>\n<meta property=\"og:site_name\" content=\"Urqu\u00eda&amp;Bas\" \/>\n<meta property=\"article:publisher\" content=\"https:\/\/www.facebook.com\/UrquiaBas\/\" \/>\n<meta property=\"article:published_time\" content=\"2015-12-15T14:34:26+00:00\" \/>\n<meta property=\"og:image\" content=\"https:\/\/urquiabas.com\/wp-content\/uploads\/2015\/11\/header-entrada-urquia.png\" \/>\n\t<meta property=\"og:image:width\" content=\"750\" \/>\n\t<meta property=\"og:image:height\" content=\"250\" \/>\n\t<meta property=\"og:image:type\" content=\"image\/png\" \/>\n<meta name=\"author\" content=\"urquiadmin\" \/>\n<meta name=\"twitter:card\" content=\"summary_large_image\" \/>\n<meta name=\"twitter:creator\" content=\"@BasUrquia\" \/>\n<meta name=\"twitter:site\" content=\"@BasUrquia\" \/>\n<meta name=\"twitter:label1\" content=\"Escrit per\" \/>\n\t<meta name=\"twitter:data1\" content=\"urquiadmin\" \/>\n\t<meta name=\"twitter:label2\" content=\"Temps estimat de lectura\" \/>\n\t<meta name=\"twitter:data2\" content=\"2 minuts\" \/>\n<script type=\"application\/ld+json\" class=\"yoast-schema-graph\">{\"@context\":\"https:\\\/\\\/schema.org\",\"@graph\":[{\"@type\":\"Article\",\"@id\":\"https:\\\/\\\/urquiabas.com\\\/ca\\\/3-casos-que-no-cobreix-lasseguranca-del-teu-cotxe\\\/#article\",\"isPartOf\":{\"@id\":\"https:\\\/\\\/urquiabas.com\\\/ca\\\/3-casos-que-no-cobreix-lasseguranca-del-teu-cotxe\\\/\"},\"author\":{\"name\":\"urquiadmin\",\"@id\":\"https:\\\/\\\/urquiabas.com\\\/#\\\/schema\\\/person\\\/443a699c80854c00fe2e56b835df84f5\"},\"headline\":\"3.- Casos que no cobreix l&#8217;asseguran\u00e7a del teu cotxe.\",\"datePublished\":\"2015-12-15T14:34:26+00:00\",\"mainEntityOfPage\":{\"@id\":\"https:\\\/\\\/urquiabas.com\\\/ca\\\/3-casos-que-no-cobreix-lasseguranca-del-teu-cotxe\\\/\"},\"wordCount\":347,\"publisher\":{\"@id\":\"https:\\\/\\\/urquiabas.com\\\/#organization\"},\"image\":{\"@id\":\"https:\\\/\\\/urquiabas.com\\\/ca\\\/3-casos-que-no-cobreix-lasseguranca-del-teu-cotxe\\\/#primaryimage\"},\"thumbnailUrl\":\"https:\\\/\\\/urquiabas.com\\\/wp-content\\\/uploads\\\/2015\\\/11\\\/header-entrada-urquia.png\",\"articleSection\":[\"Informaci\u00f3 d'inter\u00e8s\",\"Porque no todo se cubre\"],\"inLanguage\":\"ca\"},{\"@type\":\"WebPage\",\"@id\":\"https:\\\/\\\/urquiabas.com\\\/ca\\\/3-casos-que-no-cobreix-lasseguranca-del-teu-cotxe\\\/\",\"url\":\"https:\\\/\\\/urquiabas.com\\\/ca\\\/3-casos-que-no-cobreix-lasseguranca-del-teu-cotxe\\\/\",\"name\":\"3.- Casos que no cobreix l'asseguran\u00e7a del teu cotxe.\",\"isPartOf\":{\"@id\":\"https:\\\/\\\/urquiabas.com\\\/#website\"},\"primaryImageOfPage\":{\"@id\":\"https:\\\/\\\/urquiabas.com\\\/ca\\\/3-casos-que-no-cobreix-lasseguranca-del-teu-cotxe\\\/#primaryimage\"},\"image\":{\"@id\":\"https:\\\/\\\/urquiabas.com\\\/ca\\\/3-casos-que-no-cobreix-lasseguranca-del-teu-cotxe\\\/#primaryimage\"},\"thumbnailUrl\":\"https:\\\/\\\/urquiabas.com\\\/wp-content\\\/uploads\\\/2015\\\/11\\\/header-entrada-urquia.png\",\"datePublished\":\"2015-12-15T14:34:26+00:00\",\"breadcrumb\":{\"@id\":\"https:\\\/\\\/urquiabas.com\\\/ca\\\/3-casos-que-no-cobreix-lasseguranca-del-teu-cotxe\\\/#breadcrumb\"},\"inLanguage\":\"ca\",\"potentialAction\":[{\"@type\":\"ReadAction\",\"target\":[\"https:\\\/\\\/urquiabas.com\\\/ca\\\/3-casos-que-no-cobreix-lasseguranca-del-teu-cotxe\\\/\"]}]},{\"@type\":\"ImageObject\",\"inLanguage\":\"ca\",\"@id\":\"https:\\\/\\\/urquiabas.com\\\/ca\\\/3-casos-que-no-cobreix-lasseguranca-del-teu-cotxe\\\/#primaryimage\",\"url\":\"https:\\\/\\\/urquiabas.com\\\/wp-content\\\/uploads\\\/2015\\\/11\\\/header-entrada-urquia.png\",\"contentUrl\":\"https:\\\/\\\/urquiabas.com\\\/wp-content\\\/uploads\\\/2015\\\/11\\\/header-entrada-urquia.png\",\"width\":750,\"height\":250},{\"@type\":\"BreadcrumbList\",\"@id\":\"https:\\\/\\\/urquiabas.com\\\/ca\\\/3-casos-que-no-cobreix-lasseguranca-del-teu-cotxe\\\/#breadcrumb\",\"itemListElement\":[{\"@type\":\"ListItem\",\"position\":1,\"name\":\"Portada\",\"item\":\"https:\\\/\\\/urquiabas.com\\\/\"},{\"@type\":\"ListItem\",\"position\":2,\"name\":\"3.- Casos que no cobreix l&#8217;asseguran\u00e7a del teu cotxe.\"}]},{\"@type\":\"WebSite\",\"@id\":\"https:\\\/\\\/urquiabas.com\\\/#website\",\"url\":\"https:\\\/\\\/urquiabas.com\\\/\",\"name\":\"Urqu\u00eda&amp;Bas\",\"description\":\"Corredur\u00eda de seguros | Lleida\",\"publisher\":{\"@id\":\"https:\\\/\\\/urquiabas.com\\\/#organization\"},\"potentialAction\":[{\"@type\":\"SearchAction\",\"target\":{\"@type\":\"EntryPoint\",\"urlTemplate\":\"https:\\\/\\\/urquiabas.com\\\/?s={search_term_string}\"},\"query-input\":{\"@type\":\"PropertyValueSpecification\",\"valueRequired\":true,\"valueName\":\"search_term_string\"}}],\"inLanguage\":\"ca\"},{\"@type\":\"Organization\",\"@id\":\"https:\\\/\\\/urquiabas.com\\\/#organization\",\"name\":\"Urquia & Bas S.L\",\"url\":\"https:\\\/\\\/urquiabas.com\\\/\",\"logo\":{\"@type\":\"ImageObject\",\"inLanguage\":\"ca\",\"@id\":\"https:\\\/\\\/urquiabas.com\\\/#\\\/schema\\\/logo\\\/image\\\/\",\"url\":\"https:\\\/\\\/urquiabas.com\\\/wp-content\\\/uploads\\\/2018\\\/03\\\/logoubmail2018.jpg\",\"contentUrl\":\"https:\\\/\\\/urquiabas.com\\\/wp-content\\\/uploads\\\/2018\\\/03\\\/logoubmail2018.jpg\",\"width\":258,\"height\":61,\"caption\":\"Urquia & Bas S.L\"},\"image\":{\"@id\":\"https:\\\/\\\/urquiabas.com\\\/#\\\/schema\\\/logo\\\/image\\\/\"},\"sameAs\":[\"https:\\\/\\\/www.facebook.com\\\/UrquiaBas\\\/\",\"https:\\\/\\\/x.com\\\/BasUrquia\",\"https:\\\/\\\/www.instagram.com\\\/urquiabas\\\/\",\"https:\\\/\\\/www.linkedin.com\\\/company\\\/3125928\\\/\"]},{\"@type\":\"Person\",\"@id\":\"https:\\\/\\\/urquiabas.com\\\/#\\\/schema\\\/person\\\/443a699c80854c00fe2e56b835df84f5\",\"name\":\"urquiadmin\",\"image\":{\"@type\":\"ImageObject\",\"inLanguage\":\"ca\",\"@id\":\"https:\\\/\\\/secure.gravatar.com\\\/avatar\\\/daf84a91798f9b55ba29b4a06a344e6f4e6b8e5b1c362add1bf3eced53b4b6bc?s=96&d=mm&r=g\",\"url\":\"https:\\\/\\\/secure.gravatar.com\\\/avatar\\\/daf84a91798f9b55ba29b4a06a344e6f4e6b8e5b1c362add1bf3eced53b4b6bc?s=96&d=mm&r=g\",\"contentUrl\":\"https:\\\/\\\/secure.gravatar.com\\\/avatar\\\/daf84a91798f9b55ba29b4a06a344e6f4e6b8e5b1c362add1bf3eced53b4b6bc?s=96&d=mm&r=g\",\"caption\":\"urquiadmin\"}}]}<\/script>\n<!-- \/ Yoast SEO plugin. -->","yoast_head_json":{"title":"3.- Casos que no cobreix l'asseguran\u00e7a del teu cotxe.","robots":{"index":"index","follow":"follow","max-snippet":"max-snippet:-1","max-image-preview":"max-image-preview:large","max-video-preview":"max-video-preview:-1"},"canonical":"https:\/\/urquiabas.com\/ca\/3-casos-que-no-cobreix-lasseguranca-del-teu-cotxe\/","og_locale":"ca_ES","og_type":"article","og_title":"3.- Casos que no cobreix l'asseguran\u00e7a del teu cotxe.","og_description":"Altres casos: Cap p\u00f2lissa cobrir\u00e0 els danys causats volunt\u00e0riament per l&#8217;assegurat. Ni quan s&#8217;ha provocat un accident i s&#8217;estava conduint sota els efectes de l&#8217;alcohol, les drogues o sense carnet. Si el cotxe no ha passat la Fins i tot si es produeix una col\u00b7lisi\u00f3 amb un familiar, les asseguradores poden negar-se a pagar les [&hellip;]","og_url":"https:\/\/urquiabas.com\/ca\/3-casos-que-no-cobreix-lasseguranca-del-teu-cotxe\/","og_site_name":"Urqu\u00eda&amp;Bas","article_publisher":"https:\/\/www.facebook.com\/UrquiaBas\/","article_published_time":"2015-12-15T14:34:26+00:00","og_image":[{"width":750,"height":250,"url":"https:\/\/urquiabas.com\/wp-content\/uploads\/2015\/11\/header-entrada-urquia.png","type":"image\/png"}],"author":"urquiadmin","twitter_card":"summary_large_image","twitter_creator":"@BasUrquia","twitter_site":"@BasUrquia","twitter_misc":{"Escrit per":"urquiadmin","Temps estimat de lectura":"2 minuts"},"schema":{"@context":"https:\/\/schema.org","@graph":[{"@type":"Article","@id":"https:\/\/urquiabas.com\/ca\/3-casos-que-no-cobreix-lasseguranca-del-teu-cotxe\/#article","isPartOf":{"@id":"https:\/\/urquiabas.com\/ca\/3-casos-que-no-cobreix-lasseguranca-del-teu-cotxe\/"},"author":{"name":"urquiadmin","@id":"https:\/\/urquiabas.com\/#\/schema\/person\/443a699c80854c00fe2e56b835df84f5"},"headline":"3.- Casos que no cobreix l&#8217;asseguran\u00e7a del teu cotxe.","datePublished":"2015-12-15T14:34:26+00:00","mainEntityOfPage":{"@id":"https:\/\/urquiabas.com\/ca\/3-casos-que-no-cobreix-lasseguranca-del-teu-cotxe\/"},"wordCount":347,"publisher":{"@id":"https:\/\/urquiabas.com\/#organization"},"image":{"@id":"https:\/\/urquiabas.com\/ca\/3-casos-que-no-cobreix-lasseguranca-del-teu-cotxe\/#primaryimage"},"thumbnailUrl":"https:\/\/urquiabas.com\/wp-content\/uploads\/2015\/11\/header-entrada-urquia.png","articleSection":["Informaci\u00f3 d'inter\u00e8s","Porque no todo se cubre"],"inLanguage":"ca"},{"@type":"WebPage","@id":"https:\/\/urquiabas.com\/ca\/3-casos-que-no-cobreix-lasseguranca-del-teu-cotxe\/","url":"https:\/\/urquiabas.com\/ca\/3-casos-que-no-cobreix-lasseguranca-del-teu-cotxe\/","name":"3.- Casos que no cobreix l'asseguran\u00e7a del teu cotxe.","isPartOf":{"@id":"https:\/\/urquiabas.com\/#website"},"primaryImageOfPage":{"@id":"https:\/\/urquiabas.com\/ca\/3-casos-que-no-cobreix-lasseguranca-del-teu-cotxe\/#primaryimage"},"image":{"@id":"https:\/\/urquiabas.com\/ca\/3-casos-que-no-cobreix-lasseguranca-del-teu-cotxe\/#primaryimage"},"thumbnailUrl":"https:\/\/urquiabas.com\/wp-content\/uploads\/2015\/11\/header-entrada-urquia.png","datePublished":"2015-12-15T14:34:26+00:00","breadcrumb":{"@id":"https:\/\/urquiabas.com\/ca\/3-casos-que-no-cobreix-lasseguranca-del-teu-cotxe\/#breadcrumb"},"inLanguage":"ca","potentialAction":[{"@type":"ReadAction","target":["https:\/\/urquiabas.com\/ca\/3-casos-que-no-cobreix-lasseguranca-del-teu-cotxe\/"]}]},{"@type":"ImageObject","inLanguage":"ca","@id":"https:\/\/urquiabas.com\/ca\/3-casos-que-no-cobreix-lasseguranca-del-teu-cotxe\/#primaryimage","url":"https:\/\/urquiabas.com\/wp-content\/uploads\/2015\/11\/header-entrada-urquia.png","contentUrl":"https:\/\/urquiabas.com\/wp-content\/uploads\/2015\/11\/header-entrada-urquia.png","width":750,"height":250},{"@type":"BreadcrumbList","@id":"https:\/\/urquiabas.com\/ca\/3-casos-que-no-cobreix-lasseguranca-del-teu-cotxe\/#breadcrumb","itemListElement":[{"@type":"ListItem","position":1,"name":"Portada","item":"https:\/\/urquiabas.com\/"},{"@type":"ListItem","position":2,"name":"3.- Casos que no cobreix l&#8217;asseguran\u00e7a del teu cotxe."}]},{"@type":"WebSite","@id":"https:\/\/urquiabas.com\/#website","url":"https:\/\/urquiabas.com\/","name":"Urqu\u00eda&amp;Bas","description":"Corredur\u00eda de seguros | Lleida","publisher":{"@id":"https:\/\/urquiabas.com\/#organization"},"potentialAction":[{"@type":"SearchAction","target":{"@type":"EntryPoint","urlTemplate":"https:\/\/urquiabas.com\/?s={search_term_string}"},"query-input":{"@type":"PropertyValueSpecification","valueRequired":true,"valueName":"search_term_string"}}],"inLanguage":"ca"},{"@type":"Organization","@id":"https:\/\/urquiabas.com\/#organization","name":"Urquia & Bas S.L","url":"https:\/\/urquiabas.com\/","logo":{"@type":"ImageObject","inLanguage":"ca","@id":"https:\/\/urquiabas.com\/#\/schema\/logo\/image\/","url":"https:\/\/urquiabas.com\/wp-content\/uploads\/2018\/03\/logoubmail2018.jpg","contentUrl":"https:\/\/urquiabas.com\/wp-content\/uploads\/2018\/03\/logoubmail2018.jpg","width":258,"height":61,"caption":"Urquia & Bas S.L"},"image":{"@id":"https:\/\/urquiabas.com\/#\/schema\/logo\/image\/"},"sameAs":["https:\/\/www.facebook.com\/UrquiaBas\/","https:\/\/x.com\/BasUrquia","https:\/\/www.instagram.com\/urquiabas\/","https:\/\/www.linkedin.com\/company\/3125928\/"]},{"@type":"Person","@id":"https:\/\/urquiabas.com\/#\/schema\/person\/443a699c80854c00fe2e56b835df84f5","name":"urquiadmin","image":{"@type":"ImageObject","inLanguage":"ca","@id":"https:\/\/secure.gravatar.com\/avatar\/daf84a91798f9b55ba29b4a06a344e6f4e6b8e5b1c362add1bf3eced53b4b6bc?s=96&d=mm&r=g","url":"https:\/\/secure.gravatar.com\/avatar\/daf84a91798f9b55ba29b4a06a344e6f4e6b8e5b1c362add1bf3eced53b4b6bc?s=96&d=mm&r=g","contentUrl":"https:\/\/secure.gravatar.com\/avatar\/daf84a91798f9b55ba29b4a06a344e6f4e6b8e5b1c362add1bf3eced53b4b6bc?s=96&d=mm&r=g","caption":"urquiadmin"}}]}},"_links":{"self":[{"href":"https:\/\/urquiabas.com\/ca\/wp-json\/wp\/v2\/posts\/1304","targetHints":{"allow":["GET"]}}],"collection":[{"href":"https:\/\/urquiabas.com\/ca\/wp-json\/wp\/v2\/posts"}],"about":[{"href":"https:\/\/urquiabas.com\/ca\/wp-json\/wp\/v2\/types\/post"}],"author":[{"embeddable":true,"href":"https:\/\/urquiabas.com\/ca\/wp-json\/wp\/v2\/users\/5"}],"replies":[{"embeddable":true,"href":"https:\/\/urquiabas.com\/ca\/wp-json\/wp\/v2\/comments?post=1304"}],"version-history":[{"count":0,"href":"https:\/\/urquiabas.com\/ca\/wp-json\/wp\/v2\/posts\/1304\/revisions"}],"wp:featuredmedia":[{"embeddable":true,"href":"https:\/\/urquiabas.com\/ca\/wp-json\/wp\/v2\/media\/1223"}],"wp:attachment":[{"href":"https:\/\/urquiabas.com\/ca\/wp-json\/wp\/v2\/media?parent=1304"}],"wp:term":[{"taxonomy":"category","embeddable":true,"href":"https:\/\/urquiabas.com\/ca\/wp-json\/wp\/v2\/categories?post=1304"},{"taxonomy":"post_tag","embeddable":true,"href":"https:\/\/urquiabas.com\/ca\/wp-json\/wp\/v2\/tags?post=1304"}],"curies":[{"name":"wp","href":"https:\/\/api.w.org\/{rel}","templated":true}]}}