{"id":1581,"date":"2016-04-12T15:18:58","date_gmt":"2016-04-12T15:18:58","guid":{"rendered":"http:\/\/urquiabas.com\/ca\/?p=1581"},"modified":"2016-04-12T15:18:58","modified_gmt":"2016-04-12T15:18:58","slug":"lasseguradora-ha-de-pagar-liva","status":"publish","type":"post","link":"https:\/\/urquiabas.com\/ca\/lasseguradora-ha-de-pagar-liva\/","title":{"rendered":"L&#8217;asseguradora ha de pagar l&#8217;IVA"},"content":{"rendered":"<p>Un jutjat de Primera Inst\u00e0ncia de Madrid ha fallat que una asseguradora ha d&#8217;assumir l&#8217;IVA de la reparaci\u00f3 dels cotxes d&#8217;empresa, segons una informaci\u00f3 de l&#8217;associaci\u00f3 d&#8217;Automobilistes Europeus Associats (AEA). \u00a0El motiu de la demanda era la reclamaci\u00f3 d&#8217;uns danys causats per una conductora a un cotxe propietat d&#8217;una empresa dedicada al transport de mercaderies, i tamb\u00e9 una factura pel lloguer d&#8217;un cotxe de substituci\u00f3.<\/p>\n<p>L&#8217;asseguradora va rebutjar la reclamaci\u00f3 en via amistosa, per\u00f2 un cop interposada la demanda davant el jutjat va acceptar pagar les factures sense incloure l&#8217;import corresponent al 21% d&#8217;IVA, amb<br \/>\nl&#8217;argument de que \u201cat\u00e8s que es tractava d&#8217;una societat mercantil es podia deduir aquest impost\u201d.<\/p>\n<p>No obstant aix\u00f2, la resoluci\u00f3 judicial ha estimat \u00edntegrament la demanda promoguda pels serveis jur\u00eddics d&#8217;AEA i ha condemnat l&#8217;entitat al pagament de la quantitat que pretenia no abonar de l&#8217;IVA, i tamb\u00e9 al pagament d&#8217;interessos per morositat i els costos processals.<\/p>\n<p>A la sent\u00e8ncia es recorda que el fonament de dret sobre el pagament de l&#8217;IVA en la reparaci\u00f3 de cotxes d&#8217;empresa \u00e9s controvertit tant en la doctrina com en la jurisprud\u00e8ncia. Al respecte, destaca que v\u00e0ries sent\u00e8ncies han fallat que \u201cpel que fa a l&#8217;IVA no s&#8217;ha de condemnar al seu pagament a l&#8217;asseguradora perqu\u00e8 el demandant, com a professional, pot repercutir-lo, com a IVA abonat respecte a l&#8217;IVA repercutit\u201d. Tot i aix\u00ed, en d&#8217;altres s&#8217;ha considerat que aquest concepte \u201cha de ser objecte de indemnitzaci\u00f3, doncs en forma part, en el seu conjunto, del total de la factura abonada per la demandant per a la reparaci\u00f3 del vehicle\u201d.<\/p>\n","protected":false},"excerpt":{"rendered":"<p>Un jutjat de Primera Inst\u00e0ncia de Madrid ha fallat que una asseguradora ha d&#8217;assumir l&#8217;IVA de la reparaci\u00f3 dels cotxes d&#8217;empresa, segons una informaci\u00f3 de l&#8217;associaci\u00f3 d&#8217;Automobilistes Europeus Associats (AEA). \u00a0El motiu de la demanda era la reclamaci\u00f3 d&#8217;uns danys causats per una conductora a un cotxe propietat d&#8217;una empresa dedicada al transport de mercaderies, [&hellip;]<\/p>\n","protected":false},"author":5,"featured_media":1576,"comment_status":"closed","ping_status":"closed","sticky":false,"template":"","format":"standard","meta":{"_acf_changed":false,"inline_featured_image":false,"footnotes":""},"categories":[11,12],"tags":[],"class_list":["post-1581","post","type-post","status-publish","format-standard","has-post-thumbnail","hentry","category-general-ca","category-noticies"],"acf":[],"yoast_head":"<!-- This site is optimized with the Yoast SEO plugin v27.5 - https:\/\/yoast.com\/product\/yoast-seo-wordpress\/ -->\n<title>L&#039;asseguradora ha de pagar l&#039;IVA<\/title>\n<meta name=\"robots\" content=\"index, follow, max-snippet:-1, max-image-preview:large, max-video-preview:-1\" \/>\n<link rel=\"canonical\" href=\"https:\/\/urquiabas.com\/ca\/lasseguradora-ha-de-pagar-liva\/\" \/>\n<meta property=\"og:locale\" content=\"ca_ES\" \/>\n<meta property=\"og:type\" content=\"article\" \/>\n<meta property=\"og:title\" content=\"L&#039;asseguradora ha de pagar l&#039;IVA\" \/>\n<meta property=\"og:description\" content=\"Un jutjat de Primera Inst\u00e0ncia de Madrid ha fallat que una asseguradora ha d&#8217;assumir l&#8217;IVA de la reparaci\u00f3 dels cotxes d&#8217;empresa, segons una informaci\u00f3 de l&#8217;associaci\u00f3 d&#8217;Automobilistes Europeus Associats (AEA). \u00a0El motiu de la demanda era la reclamaci\u00f3 d&#8217;uns danys causats per una conductora a un cotxe propietat d&#8217;una empresa dedicada al transport de mercaderies, [&hellip;]\" \/>\n<meta property=\"og:url\" content=\"https:\/\/urquiabas.com\/ca\/lasseguradora-ha-de-pagar-liva\/\" \/>\n<meta property=\"og:site_name\" content=\"Urqu\u00eda&amp;Bas\" \/>\n<meta property=\"article:publisher\" content=\"https:\/\/www.facebook.com\/UrquiaBas\/\" \/>\n<meta property=\"article:published_time\" content=\"2016-04-12T15:18:58+00:00\" \/>\n<meta property=\"og:image\" content=\"https:\/\/urquiabas.com\/wp-content\/uploads\/2016\/02\/noticia2.jpg\" \/>\n\t<meta property=\"og:image:width\" content=\"1280\" \/>\n\t<meta property=\"og:image:height\" content=\"427\" \/>\n\t<meta property=\"og:image:type\" content=\"image\/jpeg\" \/>\n<meta name=\"author\" content=\"urquiadmin\" \/>\n<meta name=\"twitter:card\" content=\"summary_large_image\" \/>\n<meta name=\"twitter:creator\" content=\"@BasUrquia\" \/>\n<meta name=\"twitter:site\" content=\"@BasUrquia\" \/>\n<meta name=\"twitter:label1\" content=\"Escrit per\" \/>\n\t<meta name=\"twitter:data1\" content=\"urquiadmin\" \/>\n\t<meta name=\"twitter:label2\" content=\"Temps estimat de lectura\" \/>\n\t<meta name=\"twitter:data2\" content=\"1 minut\" \/>\n<script type=\"application\/ld+json\" class=\"yoast-schema-graph\">{\"@context\":\"https:\\\/\\\/schema.org\",\"@graph\":[{\"@type\":\"Article\",\"@id\":\"https:\\\/\\\/urquiabas.com\\\/ca\\\/lasseguradora-ha-de-pagar-liva\\\/#article\",\"isPartOf\":{\"@id\":\"https:\\\/\\\/urquiabas.com\\\/ca\\\/lasseguradora-ha-de-pagar-liva\\\/\"},\"author\":{\"name\":\"urquiadmin\",\"@id\":\"https:\\\/\\\/urquiabas.com\\\/#\\\/schema\\\/person\\\/443a699c80854c00fe2e56b835df84f5\"},\"headline\":\"L&#8217;asseguradora ha de pagar l&#8217;IVA\",\"datePublished\":\"2016-04-12T15:18:58+00:00\",\"mainEntityOfPage\":{\"@id\":\"https:\\\/\\\/urquiabas.com\\\/ca\\\/lasseguradora-ha-de-pagar-liva\\\/\"},\"wordCount\":299,\"publisher\":{\"@id\":\"https:\\\/\\\/urquiabas.com\\\/#organization\"},\"image\":{\"@id\":\"https:\\\/\\\/urquiabas.com\\\/ca\\\/lasseguradora-ha-de-pagar-liva\\\/#primaryimage\"},\"thumbnailUrl\":\"https:\\\/\\\/urquiabas.com\\\/wp-content\\\/uploads\\\/2016\\\/02\\\/noticia2.jpg\",\"articleSection\":[\"General @ca\",\"Not\u00edcies\"],\"inLanguage\":\"ca\"},{\"@type\":\"WebPage\",\"@id\":\"https:\\\/\\\/urquiabas.com\\\/ca\\\/lasseguradora-ha-de-pagar-liva\\\/\",\"url\":\"https:\\\/\\\/urquiabas.com\\\/ca\\\/lasseguradora-ha-de-pagar-liva\\\/\",\"name\":\"L'asseguradora ha de pagar l'IVA\",\"isPartOf\":{\"@id\":\"https:\\\/\\\/urquiabas.com\\\/#website\"},\"primaryImageOfPage\":{\"@id\":\"https:\\\/\\\/urquiabas.com\\\/ca\\\/lasseguradora-ha-de-pagar-liva\\\/#primaryimage\"},\"image\":{\"@id\":\"https:\\\/\\\/urquiabas.com\\\/ca\\\/lasseguradora-ha-de-pagar-liva\\\/#primaryimage\"},\"thumbnailUrl\":\"https:\\\/\\\/urquiabas.com\\\/wp-content\\\/uploads\\\/2016\\\/02\\\/noticia2.jpg\",\"datePublished\":\"2016-04-12T15:18:58+00:00\",\"breadcrumb\":{\"@id\":\"https:\\\/\\\/urquiabas.com\\\/ca\\\/lasseguradora-ha-de-pagar-liva\\\/#breadcrumb\"},\"inLanguage\":\"ca\",\"potentialAction\":[{\"@type\":\"ReadAction\",\"target\":[\"https:\\\/\\\/urquiabas.com\\\/ca\\\/lasseguradora-ha-de-pagar-liva\\\/\"]}]},{\"@type\":\"ImageObject\",\"inLanguage\":\"ca\",\"@id\":\"https:\\\/\\\/urquiabas.com\\\/ca\\\/lasseguradora-ha-de-pagar-liva\\\/#primaryimage\",\"url\":\"https:\\\/\\\/urquiabas.com\\\/wp-content\\\/uploads\\\/2016\\\/02\\\/noticia2.jpg\",\"contentUrl\":\"https:\\\/\\\/urquiabas.com\\\/wp-content\\\/uploads\\\/2016\\\/02\\\/noticia2.jpg\",\"width\":1280,\"height\":427},{\"@type\":\"BreadcrumbList\",\"@id\":\"https:\\\/\\\/urquiabas.com\\\/ca\\\/lasseguradora-ha-de-pagar-liva\\\/#breadcrumb\",\"itemListElement\":[{\"@type\":\"ListItem\",\"position\":1,\"name\":\"Portada\",\"item\":\"https:\\\/\\\/urquiabas.com\\\/\"},{\"@type\":\"ListItem\",\"position\":2,\"name\":\"L&#8217;asseguradora ha de pagar l&#8217;IVA\"}]},{\"@type\":\"WebSite\",\"@id\":\"https:\\\/\\\/urquiabas.com\\\/#website\",\"url\":\"https:\\\/\\\/urquiabas.com\\\/\",\"name\":\"Urqu\u00eda&amp;Bas\",\"description\":\"Corredur\u00eda de seguros | Lleida\",\"publisher\":{\"@id\":\"https:\\\/\\\/urquiabas.com\\\/#organization\"},\"potentialAction\":[{\"@type\":\"SearchAction\",\"target\":{\"@type\":\"EntryPoint\",\"urlTemplate\":\"https:\\\/\\\/urquiabas.com\\\/?s={search_term_string}\"},\"query-input\":{\"@type\":\"PropertyValueSpecification\",\"valueRequired\":true,\"valueName\":\"search_term_string\"}}],\"inLanguage\":\"ca\"},{\"@type\":\"Organization\",\"@id\":\"https:\\\/\\\/urquiabas.com\\\/#organization\",\"name\":\"Urquia & Bas S.L\",\"url\":\"https:\\\/\\\/urquiabas.com\\\/\",\"logo\":{\"@type\":\"ImageObject\",\"inLanguage\":\"ca\",\"@id\":\"https:\\\/\\\/urquiabas.com\\\/#\\\/schema\\\/logo\\\/image\\\/\",\"url\":\"https:\\\/\\\/urquiabas.com\\\/wp-content\\\/uploads\\\/2018\\\/03\\\/logoubmail2018.jpg\",\"contentUrl\":\"https:\\\/\\\/urquiabas.com\\\/wp-content\\\/uploads\\\/2018\\\/03\\\/logoubmail2018.jpg\",\"width\":258,\"height\":61,\"caption\":\"Urquia & Bas S.L\"},\"image\":{\"@id\":\"https:\\\/\\\/urquiabas.com\\\/#\\\/schema\\\/logo\\\/image\\\/\"},\"sameAs\":[\"https:\\\/\\\/www.facebook.com\\\/UrquiaBas\\\/\",\"https:\\\/\\\/x.com\\\/BasUrquia\",\"https:\\\/\\\/www.instagram.com\\\/urquiabas\\\/\",\"https:\\\/\\\/www.linkedin.com\\\/company\\\/3125928\\\/\"]},{\"@type\":\"Person\",\"@id\":\"https:\\\/\\\/urquiabas.com\\\/#\\\/schema\\\/person\\\/443a699c80854c00fe2e56b835df84f5\",\"name\":\"urquiadmin\",\"image\":{\"@type\":\"ImageObject\",\"inLanguage\":\"ca\",\"@id\":\"https:\\\/\\\/secure.gravatar.com\\\/avatar\\\/daf84a91798f9b55ba29b4a06a344e6f4e6b8e5b1c362add1bf3eced53b4b6bc?s=96&d=mm&r=g\",\"url\":\"https:\\\/\\\/secure.gravatar.com\\\/avatar\\\/daf84a91798f9b55ba29b4a06a344e6f4e6b8e5b1c362add1bf3eced53b4b6bc?s=96&d=mm&r=g\",\"contentUrl\":\"https:\\\/\\\/secure.gravatar.com\\\/avatar\\\/daf84a91798f9b55ba29b4a06a344e6f4e6b8e5b1c362add1bf3eced53b4b6bc?s=96&d=mm&r=g\",\"caption\":\"urquiadmin\"}}]}<\/script>\n<!-- \/ Yoast SEO plugin. -->","yoast_head_json":{"title":"L'asseguradora ha de pagar l'IVA","robots":{"index":"index","follow":"follow","max-snippet":"max-snippet:-1","max-image-preview":"max-image-preview:large","max-video-preview":"max-video-preview:-1"},"canonical":"https:\/\/urquiabas.com\/ca\/lasseguradora-ha-de-pagar-liva\/","og_locale":"ca_ES","og_type":"article","og_title":"L'asseguradora ha de pagar l'IVA","og_description":"Un jutjat de Primera Inst\u00e0ncia de Madrid ha fallat que una asseguradora ha d&#8217;assumir l&#8217;IVA de la reparaci\u00f3 dels cotxes d&#8217;empresa, segons una informaci\u00f3 de l&#8217;associaci\u00f3 d&#8217;Automobilistes Europeus Associats (AEA). \u00a0El motiu de la demanda era la reclamaci\u00f3 d&#8217;uns danys causats per una conductora a un cotxe propietat d&#8217;una empresa dedicada al transport de mercaderies, [&hellip;]","og_url":"https:\/\/urquiabas.com\/ca\/lasseguradora-ha-de-pagar-liva\/","og_site_name":"Urqu\u00eda&amp;Bas","article_publisher":"https:\/\/www.facebook.com\/UrquiaBas\/","article_published_time":"2016-04-12T15:18:58+00:00","og_image":[{"width":1280,"height":427,"url":"https:\/\/urquiabas.com\/wp-content\/uploads\/2016\/02\/noticia2.jpg","type":"image\/jpeg"}],"author":"urquiadmin","twitter_card":"summary_large_image","twitter_creator":"@BasUrquia","twitter_site":"@BasUrquia","twitter_misc":{"Escrit per":"urquiadmin","Temps estimat de lectura":"1 minut"},"schema":{"@context":"https:\/\/schema.org","@graph":[{"@type":"Article","@id":"https:\/\/urquiabas.com\/ca\/lasseguradora-ha-de-pagar-liva\/#article","isPartOf":{"@id":"https:\/\/urquiabas.com\/ca\/lasseguradora-ha-de-pagar-liva\/"},"author":{"name":"urquiadmin","@id":"https:\/\/urquiabas.com\/#\/schema\/person\/443a699c80854c00fe2e56b835df84f5"},"headline":"L&#8217;asseguradora ha de pagar l&#8217;IVA","datePublished":"2016-04-12T15:18:58+00:00","mainEntityOfPage":{"@id":"https:\/\/urquiabas.com\/ca\/lasseguradora-ha-de-pagar-liva\/"},"wordCount":299,"publisher":{"@id":"https:\/\/urquiabas.com\/#organization"},"image":{"@id":"https:\/\/urquiabas.com\/ca\/lasseguradora-ha-de-pagar-liva\/#primaryimage"},"thumbnailUrl":"https:\/\/urquiabas.com\/wp-content\/uploads\/2016\/02\/noticia2.jpg","articleSection":["General @ca","Not\u00edcies"],"inLanguage":"ca"},{"@type":"WebPage","@id":"https:\/\/urquiabas.com\/ca\/lasseguradora-ha-de-pagar-liva\/","url":"https:\/\/urquiabas.com\/ca\/lasseguradora-ha-de-pagar-liva\/","name":"L'asseguradora ha de pagar l'IVA","isPartOf":{"@id":"https:\/\/urquiabas.com\/#website"},"primaryImageOfPage":{"@id":"https:\/\/urquiabas.com\/ca\/lasseguradora-ha-de-pagar-liva\/#primaryimage"},"image":{"@id":"https:\/\/urquiabas.com\/ca\/lasseguradora-ha-de-pagar-liva\/#primaryimage"},"thumbnailUrl":"https:\/\/urquiabas.com\/wp-content\/uploads\/2016\/02\/noticia2.jpg","datePublished":"2016-04-12T15:18:58+00:00","breadcrumb":{"@id":"https:\/\/urquiabas.com\/ca\/lasseguradora-ha-de-pagar-liva\/#breadcrumb"},"inLanguage":"ca","potentialAction":[{"@type":"ReadAction","target":["https:\/\/urquiabas.com\/ca\/lasseguradora-ha-de-pagar-liva\/"]}]},{"@type":"ImageObject","inLanguage":"ca","@id":"https:\/\/urquiabas.com\/ca\/lasseguradora-ha-de-pagar-liva\/#primaryimage","url":"https:\/\/urquiabas.com\/wp-content\/uploads\/2016\/02\/noticia2.jpg","contentUrl":"https:\/\/urquiabas.com\/wp-content\/uploads\/2016\/02\/noticia2.jpg","width":1280,"height":427},{"@type":"BreadcrumbList","@id":"https:\/\/urquiabas.com\/ca\/lasseguradora-ha-de-pagar-liva\/#breadcrumb","itemListElement":[{"@type":"ListItem","position":1,"name":"Portada","item":"https:\/\/urquiabas.com\/"},{"@type":"ListItem","position":2,"name":"L&#8217;asseguradora ha de pagar l&#8217;IVA"}]},{"@type":"WebSite","@id":"https:\/\/urquiabas.com\/#website","url":"https:\/\/urquiabas.com\/","name":"Urqu\u00eda&amp;Bas","description":"Corredur\u00eda de seguros | Lleida","publisher":{"@id":"https:\/\/urquiabas.com\/#organization"},"potentialAction":[{"@type":"SearchAction","target":{"@type":"EntryPoint","urlTemplate":"https:\/\/urquiabas.com\/?s={search_term_string}"},"query-input":{"@type":"PropertyValueSpecification","valueRequired":true,"valueName":"search_term_string"}}],"inLanguage":"ca"},{"@type":"Organization","@id":"https:\/\/urquiabas.com\/#organization","name":"Urquia & Bas S.L","url":"https:\/\/urquiabas.com\/","logo":{"@type":"ImageObject","inLanguage":"ca","@id":"https:\/\/urquiabas.com\/#\/schema\/logo\/image\/","url":"https:\/\/urquiabas.com\/wp-content\/uploads\/2018\/03\/logoubmail2018.jpg","contentUrl":"https:\/\/urquiabas.com\/wp-content\/uploads\/2018\/03\/logoubmail2018.jpg","width":258,"height":61,"caption":"Urquia & Bas S.L"},"image":{"@id":"https:\/\/urquiabas.com\/#\/schema\/logo\/image\/"},"sameAs":["https:\/\/www.facebook.com\/UrquiaBas\/","https:\/\/x.com\/BasUrquia","https:\/\/www.instagram.com\/urquiabas\/","https:\/\/www.linkedin.com\/company\/3125928\/"]},{"@type":"Person","@id":"https:\/\/urquiabas.com\/#\/schema\/person\/443a699c80854c00fe2e56b835df84f5","name":"urquiadmin","image":{"@type":"ImageObject","inLanguage":"ca","@id":"https:\/\/secure.gravatar.com\/avatar\/daf84a91798f9b55ba29b4a06a344e6f4e6b8e5b1c362add1bf3eced53b4b6bc?s=96&d=mm&r=g","url":"https:\/\/secure.gravatar.com\/avatar\/daf84a91798f9b55ba29b4a06a344e6f4e6b8e5b1c362add1bf3eced53b4b6bc?s=96&d=mm&r=g","contentUrl":"https:\/\/secure.gravatar.com\/avatar\/daf84a91798f9b55ba29b4a06a344e6f4e6b8e5b1c362add1bf3eced53b4b6bc?s=96&d=mm&r=g","caption":"urquiadmin"}}]}},"_links":{"self":[{"href":"https:\/\/urquiabas.com\/ca\/wp-json\/wp\/v2\/posts\/1581","targetHints":{"allow":["GET"]}}],"collection":[{"href":"https:\/\/urquiabas.com\/ca\/wp-json\/wp\/v2\/posts"}],"about":[{"href":"https:\/\/urquiabas.com\/ca\/wp-json\/wp\/v2\/types\/post"}],"author":[{"embeddable":true,"href":"https:\/\/urquiabas.com\/ca\/wp-json\/wp\/v2\/users\/5"}],"replies":[{"embeddable":true,"href":"https:\/\/urquiabas.com\/ca\/wp-json\/wp\/v2\/comments?post=1581"}],"version-history":[{"count":0,"href":"https:\/\/urquiabas.com\/ca\/wp-json\/wp\/v2\/posts\/1581\/revisions"}],"wp:featuredmedia":[{"embeddable":true,"href":"https:\/\/urquiabas.com\/ca\/wp-json\/wp\/v2\/media\/1576"}],"wp:attachment":[{"href":"https:\/\/urquiabas.com\/ca\/wp-json\/wp\/v2\/media?parent=1581"}],"wp:term":[{"taxonomy":"category","embeddable":true,"href":"https:\/\/urquiabas.com\/ca\/wp-json\/wp\/v2\/categories?post=1581"},{"taxonomy":"post_tag","embeddable":true,"href":"https:\/\/urquiabas.com\/ca\/wp-json\/wp\/v2\/tags?post=1581"}],"curies":[{"name":"wp","href":"https:\/\/api.w.org\/{rel}","templated":true}]}}