{"id":1847,"date":"2016-06-23T14:15:24","date_gmt":"2016-06-23T14:15:24","guid":{"rendered":"http:\/\/urquiabas.com\/ca\/?p=1847"},"modified":"2016-06-23T14:17:46","modified_gmt":"2016-06-23T14:17:46","slug":"protegeix-al-teu-fill-la-red-vigila","status":"publish","type":"post","link":"https:\/\/urquiabas.com\/ca\/protegeix-al-teu-fill-la-red-vigila\/","title":{"rendered":"Protegeix al teu fill (la red el vigila)"},"content":{"rendered":"<p>\u00c9s natural sentir-nos orgullosos dels nostres fills, nebots, germans o coneguts petits i voler que tothom vegi lo \u201c<em>guapos<\/em>\u201d, simp\u00e0tics i divertits que s\u00f3n.<\/p>\n<p>Tots o gaireb\u00e9 tots disposem d&#8217;un Smartphone o Tablet amb acc\u00e9s a les xarxes socials, de manera que ens resulta temptador penjar fotos dels nostres petits, sense pensar que aquestes puguin caure en xarxes de pornografia infantil o posar el nen en el punt de mira dels depredadors sexuals.<\/p>\n<p>Internet no \u00e9s el lloc m\u00e9s apropiat per a ensenyar-li a tothom com estimes al teu fill, donat que a internet no tan sols hi son els teus amics i familiars, sin\u00f3 tamb\u00e9 hi ha <strong>gent perversa<\/strong>.<\/p>\n<p>Malgrat tot, si decidim pujar fotos dels petits, haurem de prendre precaucions i seguir les seg\u00fcents recomanacions:<\/p>\n<ul>\n<li><strong>No publicarem<\/strong> mai una foto d<strong>els nostres fills nus<\/strong>. Encara que pugui semblar una cosa normal, sorpr\u00e8n veure la quantitat de fotografies de nens despullats que es troben en les xarxes socials. Els pares haur\u00edem d&#8217;estar sempre alerta contra els <strong>depredadors sexuals<\/strong>. Per a nosaltres potser \u00e9s una foto innocent, per\u00f2 hi ha persones que les poden utilitzar amb finalitats pornogr\u00e0fiques.<\/li>\n<li>En cap de les fotografies ha d&#8217;apar\u00e8ixer cap pista sobre els llocs que freq\u00fcentem, com l&#8217;escola, el parc, i molt menys el nostre domicili. <strong>Compte amb aquests detalls<\/strong>.<\/li>\n<li>Precauci\u00f3 amb els comentaris que solem fer. <em>&#8221; Avui sortim a sopar !!!, et trobarem a faltar petit &#8220;<\/em>. Aquest tipus de comentaris \u00fanicament els diuen als <em>dolents<\/em> quan els nostres fills estan sols a casa.<\/li>\n<li>No identifiquem als petits amb el seu nom i cognoms. Escriurem nom\u00e9s el nom.<\/li>\n<li>Evitarem facilitar els horaris dels nostres fills i les <strong>activitats extraescolars<\/strong> a les quals els hem apuntat. Quant menys informaci\u00f3 donem sobre els llocs que freq\u00fcentem millor.<\/li>\n<li>Els tel\u00e8fons intel\u00b7ligents i la majoria de les \u201cTablets\u201d tenen activat el GPS i el posicionament o geolocalitzaci\u00f3: ens assegurarem que aquesta funci\u00f3 est\u00e0 desactivada abans de pujar una foto a les xarxes. Si no \u00e9s aix\u00ed, qualsevol persona podria rastrejar la pista fins arribar al lloc on es va fer la fotografia.<\/li>\n<li>Cal que parlem amb els nostres familiars i amics, perqu\u00e8 sempre ens demanin perm\u00eds abans de publicar una fotografia dels nostres fills a internet. <strong>Important!<\/strong> Pares i mares han d&#8217;estar d&#8217;acord a l&#8217;hora de pujar una fotografia del nen a les xarxes socials.<\/li>\n<li>Si et compres un vehicle, no pugis les fotos on es pugui apreciar la matricula del mateix, \u00e9s una forma senzilla de localitzar-te.<\/li>\n<li>B\u00e0sic per tots els comptes que tinguem de xarxes socials: ajustarem la privacitat i els filtres en els nostres perfils per assegurar-nos que les fotografies dels nostres fills arribin al menor nombre de persones possibles.<\/li>\n<\/ul>\n<p><span style=\"text-decoration: underline\"><strong>Recorda que una vegada puges una fotografia a les xarxes socials, aquestes passen a ser de domini p\u00fablic, i ja \u00e9s pr\u00e0cticament impossible eliminar-les.<\/strong><\/span><\/p>\n<p>Comparteix aquesta informaci\u00f3 amb els teus amics i familiars per que entenguin la gravetat de publicar fotos de nens a internet.<\/p>\n<p><strong>Segueix-nos al <a href=\"https:\/\/www.facebook.com\/UrquiaBasCiberproteccion\/\" target=\"_blank\">Facebook UrquiaBas Ciberprotecci\u00f3<\/a> per no perdre&#8217;t m\u00e9s articles com aquests.<\/strong><\/p>\n","protected":false},"excerpt":{"rendered":"<p>\u00c9s natural sentir-nos orgullosos dels nostres fills, nebots, germans o coneguts petits i voler que tothom vegi lo \u201cguapos\u201d, simp\u00e0tics i divertits que s\u00f3n. Tots o gaireb\u00e9 tots disposem d&#8217;un Smartphone o Tablet amb acc\u00e9s a les xarxes socials, de manera que ens resulta temptador penjar fotos dels nostres petits, sense pensar que aquestes puguin [&hellip;]<\/p>\n","protected":false},"author":5,"featured_media":1845,"comment_status":"closed","ping_status":"closed","sticky":false,"template":"","format":"standard","meta":{"_acf_changed":false,"inline_featured_image":false,"footnotes":""},"categories":[29,12],"tags":[],"class_list":["post-1847","post","type-post","status-publish","format-standard","has-post-thumbnail","hentry","category-ciber-ca","category-noticies"],"acf":[],"yoast_head":"<!-- This site is optimized with the Yoast SEO plugin v27.5 - https:\/\/yoast.com\/product\/yoast-seo-wordpress\/ -->\n<title>Protegeix al teu fill (la red el vigila)<\/title>\n<meta name=\"robots\" content=\"index, follow, max-snippet:-1, max-image-preview:large, max-video-preview:-1\" \/>\n<link rel=\"canonical\" href=\"https:\/\/urquiabas.com\/protege-hijo-red-vigila\/\" \/>\n<meta property=\"og:locale\" content=\"ca_ES\" \/>\n<meta property=\"og:type\" content=\"article\" \/>\n<meta property=\"og:title\" content=\"Protegeix al teu fill (la red el vigila)\" \/>\n<meta property=\"og:description\" content=\"\u00c9s natural sentir-nos orgullosos dels nostres fills, nebots, germans o coneguts petits i voler que tothom vegi lo \u201cguapos\u201d, simp\u00e0tics i divertits que s\u00f3n. Tots o gaireb\u00e9 tots disposem d&#8217;un Smartphone o Tablet amb acc\u00e9s a les xarxes socials, de manera que ens resulta temptador penjar fotos dels nostres petits, sense pensar que aquestes puguin [&hellip;]\" \/>\n<meta property=\"og:url\" content=\"https:\/\/urquiabas.com\/protege-hijo-red-vigila\/\" \/>\n<meta property=\"og:site_name\" content=\"Urqu\u00eda&amp;Bas\" \/>\n<meta property=\"article:publisher\" content=\"https:\/\/www.facebook.com\/UrquiaBas\/\" \/>\n<meta property=\"article:published_time\" content=\"2016-06-23T14:15:24+00:00\" \/>\n<meta property=\"article:modified_time\" content=\"2016-06-23T14:17:46+00:00\" \/>\n<meta property=\"og:image\" content=\"https:\/\/urquiabas.com\/wp-content\/uploads\/2016\/06\/ciber-baby.jpg\" \/>\n\t<meta property=\"og:image:width\" content=\"851\" \/>\n\t<meta property=\"og:image:height\" content=\"315\" \/>\n\t<meta property=\"og:image:type\" content=\"image\/jpeg\" \/>\n<meta name=\"author\" content=\"urquiadmin\" \/>\n<meta name=\"twitter:card\" content=\"summary_large_image\" \/>\n<meta name=\"twitter:creator\" content=\"@BasUrquia\" \/>\n<meta name=\"twitter:site\" content=\"@BasUrquia\" \/>\n<meta name=\"twitter:label1\" content=\"Escrit per\" \/>\n\t<meta name=\"twitter:data1\" content=\"urquiadmin\" \/>\n\t<meta name=\"twitter:label2\" content=\"Temps estimat de lectura\" \/>\n\t<meta name=\"twitter:data2\" content=\"3 minuts\" \/>\n<script type=\"application\/ld+json\" class=\"yoast-schema-graph\">{\"@context\":\"https:\\\/\\\/schema.org\",\"@graph\":[{\"@type\":\"Article\",\"@id\":\"https:\\\/\\\/urquiabas.com\\\/protege-hijo-red-vigila\\\/#article\",\"isPartOf\":{\"@id\":\"https:\\\/\\\/urquiabas.com\\\/protege-hijo-red-vigila\\\/\"},\"author\":{\"name\":\"urquiadmin\",\"@id\":\"https:\\\/\\\/urquiabas.com\\\/#\\\/schema\\\/person\\\/443a699c80854c00fe2e56b835df84f5\"},\"headline\":\"Protegeix al teu fill (la red el vigila)\",\"datePublished\":\"2016-06-23T14:15:24+00:00\",\"dateModified\":\"2016-06-23T14:17:46+00:00\",\"mainEntityOfPage\":{\"@id\":\"https:\\\/\\\/urquiabas.com\\\/protege-hijo-red-vigila\\\/\"},\"wordCount\":536,\"publisher\":{\"@id\":\"https:\\\/\\\/urquiabas.com\\\/#organization\"},\"image\":{\"@id\":\"https:\\\/\\\/urquiabas.com\\\/protege-hijo-red-vigila\\\/#primaryimage\"},\"thumbnailUrl\":\"https:\\\/\\\/urquiabas.com\\\/wp-content\\\/uploads\\\/2016\\\/06\\\/ciber-baby.jpg\",\"articleSection\":[\"Ciber\",\"Not\u00edcies\"],\"inLanguage\":\"ca\"},{\"@type\":\"WebPage\",\"@id\":\"https:\\\/\\\/urquiabas.com\\\/protege-hijo-red-vigila\\\/\",\"url\":\"https:\\\/\\\/urquiabas.com\\\/protege-hijo-red-vigila\\\/\",\"name\":\"Protegeix al teu fill (la red el vigila)\",\"isPartOf\":{\"@id\":\"https:\\\/\\\/urquiabas.com\\\/#website\"},\"primaryImageOfPage\":{\"@id\":\"https:\\\/\\\/urquiabas.com\\\/protege-hijo-red-vigila\\\/#primaryimage\"},\"image\":{\"@id\":\"https:\\\/\\\/urquiabas.com\\\/protege-hijo-red-vigila\\\/#primaryimage\"},\"thumbnailUrl\":\"https:\\\/\\\/urquiabas.com\\\/wp-content\\\/uploads\\\/2016\\\/06\\\/ciber-baby.jpg\",\"datePublished\":\"2016-06-23T14:15:24+00:00\",\"dateModified\":\"2016-06-23T14:17:46+00:00\",\"breadcrumb\":{\"@id\":\"https:\\\/\\\/urquiabas.com\\\/protege-hijo-red-vigila\\\/#breadcrumb\"},\"inLanguage\":\"ca\",\"potentialAction\":[{\"@type\":\"ReadAction\",\"target\":[\"https:\\\/\\\/urquiabas.com\\\/protege-hijo-red-vigila\\\/\"]}]},{\"@type\":\"ImageObject\",\"inLanguage\":\"ca\",\"@id\":\"https:\\\/\\\/urquiabas.com\\\/protege-hijo-red-vigila\\\/#primaryimage\",\"url\":\"https:\\\/\\\/urquiabas.com\\\/wp-content\\\/uploads\\\/2016\\\/06\\\/ciber-baby.jpg\",\"contentUrl\":\"https:\\\/\\\/urquiabas.com\\\/wp-content\\\/uploads\\\/2016\\\/06\\\/ciber-baby.jpg\",\"width\":851,\"height\":315},{\"@type\":\"BreadcrumbList\",\"@id\":\"https:\\\/\\\/urquiabas.com\\\/protege-hijo-red-vigila\\\/#breadcrumb\",\"itemListElement\":[{\"@type\":\"ListItem\",\"position\":1,\"name\":\"Portada\",\"item\":\"https:\\\/\\\/urquiabas.com\\\/\"},{\"@type\":\"ListItem\",\"position\":2,\"name\":\"Protegeix al teu fill (la red el vigila)\"}]},{\"@type\":\"WebSite\",\"@id\":\"https:\\\/\\\/urquiabas.com\\\/#website\",\"url\":\"https:\\\/\\\/urquiabas.com\\\/\",\"name\":\"Urqu\u00eda&amp;Bas\",\"description\":\"Corredur\u00eda de seguros | Lleida\",\"publisher\":{\"@id\":\"https:\\\/\\\/urquiabas.com\\\/#organization\"},\"potentialAction\":[{\"@type\":\"SearchAction\",\"target\":{\"@type\":\"EntryPoint\",\"urlTemplate\":\"https:\\\/\\\/urquiabas.com\\\/?s={search_term_string}\"},\"query-input\":{\"@type\":\"PropertyValueSpecification\",\"valueRequired\":true,\"valueName\":\"search_term_string\"}}],\"inLanguage\":\"ca\"},{\"@type\":\"Organization\",\"@id\":\"https:\\\/\\\/urquiabas.com\\\/#organization\",\"name\":\"Urquia & Bas S.L\",\"url\":\"https:\\\/\\\/urquiabas.com\\\/\",\"logo\":{\"@type\":\"ImageObject\",\"inLanguage\":\"ca\",\"@id\":\"https:\\\/\\\/urquiabas.com\\\/#\\\/schema\\\/logo\\\/image\\\/\",\"url\":\"https:\\\/\\\/urquiabas.com\\\/wp-content\\\/uploads\\\/2018\\\/03\\\/logoubmail2018.jpg\",\"contentUrl\":\"https:\\\/\\\/urquiabas.com\\\/wp-content\\\/uploads\\\/2018\\\/03\\\/logoubmail2018.jpg\",\"width\":258,\"height\":61,\"caption\":\"Urquia & Bas S.L\"},\"image\":{\"@id\":\"https:\\\/\\\/urquiabas.com\\\/#\\\/schema\\\/logo\\\/image\\\/\"},\"sameAs\":[\"https:\\\/\\\/www.facebook.com\\\/UrquiaBas\\\/\",\"https:\\\/\\\/x.com\\\/BasUrquia\",\"https:\\\/\\\/www.instagram.com\\\/urquiabas\\\/\",\"https:\\\/\\\/www.linkedin.com\\\/company\\\/3125928\\\/\"]},{\"@type\":\"Person\",\"@id\":\"https:\\\/\\\/urquiabas.com\\\/#\\\/schema\\\/person\\\/443a699c80854c00fe2e56b835df84f5\",\"name\":\"urquiadmin\",\"image\":{\"@type\":\"ImageObject\",\"inLanguage\":\"ca\",\"@id\":\"https:\\\/\\\/secure.gravatar.com\\\/avatar\\\/daf84a91798f9b55ba29b4a06a344e6f4e6b8e5b1c362add1bf3eced53b4b6bc?s=96&d=mm&r=g\",\"url\":\"https:\\\/\\\/secure.gravatar.com\\\/avatar\\\/daf84a91798f9b55ba29b4a06a344e6f4e6b8e5b1c362add1bf3eced53b4b6bc?s=96&d=mm&r=g\",\"contentUrl\":\"https:\\\/\\\/secure.gravatar.com\\\/avatar\\\/daf84a91798f9b55ba29b4a06a344e6f4e6b8e5b1c362add1bf3eced53b4b6bc?s=96&d=mm&r=g\",\"caption\":\"urquiadmin\"}}]}<\/script>\n<!-- \/ Yoast SEO plugin. -->","yoast_head_json":{"title":"Protegeix al teu fill (la red el vigila)","robots":{"index":"index","follow":"follow","max-snippet":"max-snippet:-1","max-image-preview":"max-image-preview:large","max-video-preview":"max-video-preview:-1"},"canonical":"https:\/\/urquiabas.com\/protege-hijo-red-vigila\/","og_locale":"ca_ES","og_type":"article","og_title":"Protegeix al teu fill (la red el vigila)","og_description":"\u00c9s natural sentir-nos orgullosos dels nostres fills, nebots, germans o coneguts petits i voler que tothom vegi lo \u201cguapos\u201d, simp\u00e0tics i divertits que s\u00f3n. Tots o gaireb\u00e9 tots disposem d&#8217;un Smartphone o Tablet amb acc\u00e9s a les xarxes socials, de manera que ens resulta temptador penjar fotos dels nostres petits, sense pensar que aquestes puguin [&hellip;]","og_url":"https:\/\/urquiabas.com\/protege-hijo-red-vigila\/","og_site_name":"Urqu\u00eda&amp;Bas","article_publisher":"https:\/\/www.facebook.com\/UrquiaBas\/","article_published_time":"2016-06-23T14:15:24+00:00","article_modified_time":"2016-06-23T14:17:46+00:00","og_image":[{"width":851,"height":315,"url":"https:\/\/urquiabas.com\/wp-content\/uploads\/2016\/06\/ciber-baby.jpg","type":"image\/jpeg"}],"author":"urquiadmin","twitter_card":"summary_large_image","twitter_creator":"@BasUrquia","twitter_site":"@BasUrquia","twitter_misc":{"Escrit per":"urquiadmin","Temps estimat de lectura":"3 minuts"},"schema":{"@context":"https:\/\/schema.org","@graph":[{"@type":"Article","@id":"https:\/\/urquiabas.com\/protege-hijo-red-vigila\/#article","isPartOf":{"@id":"https:\/\/urquiabas.com\/protege-hijo-red-vigila\/"},"author":{"name":"urquiadmin","@id":"https:\/\/urquiabas.com\/#\/schema\/person\/443a699c80854c00fe2e56b835df84f5"},"headline":"Protegeix al teu fill (la red el vigila)","datePublished":"2016-06-23T14:15:24+00:00","dateModified":"2016-06-23T14:17:46+00:00","mainEntityOfPage":{"@id":"https:\/\/urquiabas.com\/protege-hijo-red-vigila\/"},"wordCount":536,"publisher":{"@id":"https:\/\/urquiabas.com\/#organization"},"image":{"@id":"https:\/\/urquiabas.com\/protege-hijo-red-vigila\/#primaryimage"},"thumbnailUrl":"https:\/\/urquiabas.com\/wp-content\/uploads\/2016\/06\/ciber-baby.jpg","articleSection":["Ciber","Not\u00edcies"],"inLanguage":"ca"},{"@type":"WebPage","@id":"https:\/\/urquiabas.com\/protege-hijo-red-vigila\/","url":"https:\/\/urquiabas.com\/protege-hijo-red-vigila\/","name":"Protegeix al teu fill (la red el vigila)","isPartOf":{"@id":"https:\/\/urquiabas.com\/#website"},"primaryImageOfPage":{"@id":"https:\/\/urquiabas.com\/protege-hijo-red-vigila\/#primaryimage"},"image":{"@id":"https:\/\/urquiabas.com\/protege-hijo-red-vigila\/#primaryimage"},"thumbnailUrl":"https:\/\/urquiabas.com\/wp-content\/uploads\/2016\/06\/ciber-baby.jpg","datePublished":"2016-06-23T14:15:24+00:00","dateModified":"2016-06-23T14:17:46+00:00","breadcrumb":{"@id":"https:\/\/urquiabas.com\/protege-hijo-red-vigila\/#breadcrumb"},"inLanguage":"ca","potentialAction":[{"@type":"ReadAction","target":["https:\/\/urquiabas.com\/protege-hijo-red-vigila\/"]}]},{"@type":"ImageObject","inLanguage":"ca","@id":"https:\/\/urquiabas.com\/protege-hijo-red-vigila\/#primaryimage","url":"https:\/\/urquiabas.com\/wp-content\/uploads\/2016\/06\/ciber-baby.jpg","contentUrl":"https:\/\/urquiabas.com\/wp-content\/uploads\/2016\/06\/ciber-baby.jpg","width":851,"height":315},{"@type":"BreadcrumbList","@id":"https:\/\/urquiabas.com\/protege-hijo-red-vigila\/#breadcrumb","itemListElement":[{"@type":"ListItem","position":1,"name":"Portada","item":"https:\/\/urquiabas.com\/"},{"@type":"ListItem","position":2,"name":"Protegeix al teu fill (la red el vigila)"}]},{"@type":"WebSite","@id":"https:\/\/urquiabas.com\/#website","url":"https:\/\/urquiabas.com\/","name":"Urqu\u00eda&amp;Bas","description":"Corredur\u00eda de seguros | Lleida","publisher":{"@id":"https:\/\/urquiabas.com\/#organization"},"potentialAction":[{"@type":"SearchAction","target":{"@type":"EntryPoint","urlTemplate":"https:\/\/urquiabas.com\/?s={search_term_string}"},"query-input":{"@type":"PropertyValueSpecification","valueRequired":true,"valueName":"search_term_string"}}],"inLanguage":"ca"},{"@type":"Organization","@id":"https:\/\/urquiabas.com\/#organization","name":"Urquia & Bas S.L","url":"https:\/\/urquiabas.com\/","logo":{"@type":"ImageObject","inLanguage":"ca","@id":"https:\/\/urquiabas.com\/#\/schema\/logo\/image\/","url":"https:\/\/urquiabas.com\/wp-content\/uploads\/2018\/03\/logoubmail2018.jpg","contentUrl":"https:\/\/urquiabas.com\/wp-content\/uploads\/2018\/03\/logoubmail2018.jpg","width":258,"height":61,"caption":"Urquia & Bas S.L"},"image":{"@id":"https:\/\/urquiabas.com\/#\/schema\/logo\/image\/"},"sameAs":["https:\/\/www.facebook.com\/UrquiaBas\/","https:\/\/x.com\/BasUrquia","https:\/\/www.instagram.com\/urquiabas\/","https:\/\/www.linkedin.com\/company\/3125928\/"]},{"@type":"Person","@id":"https:\/\/urquiabas.com\/#\/schema\/person\/443a699c80854c00fe2e56b835df84f5","name":"urquiadmin","image":{"@type":"ImageObject","inLanguage":"ca","@id":"https:\/\/secure.gravatar.com\/avatar\/daf84a91798f9b55ba29b4a06a344e6f4e6b8e5b1c362add1bf3eced53b4b6bc?s=96&d=mm&r=g","url":"https:\/\/secure.gravatar.com\/avatar\/daf84a91798f9b55ba29b4a06a344e6f4e6b8e5b1c362add1bf3eced53b4b6bc?s=96&d=mm&r=g","contentUrl":"https:\/\/secure.gravatar.com\/avatar\/daf84a91798f9b55ba29b4a06a344e6f4e6b8e5b1c362add1bf3eced53b4b6bc?s=96&d=mm&r=g","caption":"urquiadmin"}}]}},"_links":{"self":[{"href":"https:\/\/urquiabas.com\/ca\/wp-json\/wp\/v2\/posts\/1847","targetHints":{"allow":["GET"]}}],"collection":[{"href":"https:\/\/urquiabas.com\/ca\/wp-json\/wp\/v2\/posts"}],"about":[{"href":"https:\/\/urquiabas.com\/ca\/wp-json\/wp\/v2\/types\/post"}],"author":[{"embeddable":true,"href":"https:\/\/urquiabas.com\/ca\/wp-json\/wp\/v2\/users\/5"}],"replies":[{"embeddable":true,"href":"https:\/\/urquiabas.com\/ca\/wp-json\/wp\/v2\/comments?post=1847"}],"version-history":[{"count":0,"href":"https:\/\/urquiabas.com\/ca\/wp-json\/wp\/v2\/posts\/1847\/revisions"}],"wp:featuredmedia":[{"embeddable":true,"href":"https:\/\/urquiabas.com\/ca\/wp-json\/wp\/v2\/media\/1845"}],"wp:attachment":[{"href":"https:\/\/urquiabas.com\/ca\/wp-json\/wp\/v2\/media?parent=1847"}],"wp:term":[{"taxonomy":"category","embeddable":true,"href":"https:\/\/urquiabas.com\/ca\/wp-json\/wp\/v2\/categories?post=1847"},{"taxonomy":"post_tag","embeddable":true,"href":"https:\/\/urquiabas.com\/ca\/wp-json\/wp\/v2\/tags?post=1847"}],"curies":[{"name":"wp","href":"https:\/\/api.w.org\/{rel}","templated":true}]}}