{"id":2265,"date":"2017-01-30T18:31:06","date_gmt":"2017-01-30T18:31:06","guid":{"rendered":"http:\/\/urquiabas.com\/?p=2265\/"},"modified":"2017-01-30T18:31:06","modified_gmt":"2017-01-30T18:31:06","slug":"aforo-espectacles-publics-organitzats","status":"publish","type":"post","link":"https:\/\/urquiabas.com\/ca\/aforo-espectacles-publics-organitzats\/","title":{"rendered":"Aforament espectacles publics organitzats a catalunya."},"content":{"rendered":"<p><span style=\"color: #800000\"><strong>ESPECTACLES PUBLICS ORGANITZATS A CATALUNYA I EL SEU AFORAMENT<\/strong><\/span><\/p>\n<p><strong>Vull organitzar un espectacle musical i l\u2019Ajuntament del meu poble em demana una p\u00f2lissa de Responsabilitat Civil.<\/strong><\/p>\n<p><strong>Quin capital he de contractar? <\/strong><\/p>\n<p><strong>Quina normativa tinc que complir?<\/strong><\/p>\n<p><span style=\"color: #800000\"><strong><em>Article 80\/ D.O Generalitat de Catalunya 7 de setembre 2010, n\u00ba 5709<\/em><\/strong><\/span><\/p>\n<p><em>\u00a0<\/em><\/p>\n<p><strong><em>Quanties m\u00ednimes:<\/em><\/strong><\/p>\n<p>&nbsp;<\/p>\n<p>Les persones obligades han de contractar una p\u00f2lissa d&#8217;asseguran\u00e7a de responsabilitat civil, en funci\u00f3 de l&#8217;aforament autoritzat dels establiments oberts al p\u00fablic, instal\u00b7lacions o espais oberts al p\u00fablic, tenint en compte els coeficients correctors que poden aplicar-se per ra\u00f3 de les caracter\u00edstiques i circumst\u00e0ncies dels establiments oberts al p\u00fablic, dels espectacles i de les activitats recreatives.<\/p>\n<p>La p\u00f2lissa d&#8217;asseguran\u00e7a de responsabilitat civil s&#8217;ha de contractar per les quanties m\u00ednimes seg\u00fcents:<\/p>\n<table width=\"277\">\n<tbody>\n<tr>\n<td width=\"159\"><strong>Aforament Autoritzat<\/strong><\/td>\n<td width=\"119\"><strong>Capital Assegurat<\/strong><\/td>\n<\/tr>\n<tr>\n<td width=\"159\">100 persones<\/td>\n<td width=\"119\">300.000,00 \u20ac<\/td>\n<\/tr>\n<tr>\n<td width=\"159\">150 persones<\/td>\n<td width=\"119\">400.000,00 \u20ac<\/td>\n<\/tr>\n<tr>\n<td width=\"159\">300 persones<\/td>\n<td width=\"119\">600.000,00 \u20ac<\/td>\n<\/tr>\n<tr>\n<td width=\"159\">500 persones<\/td>\n<td width=\"119\">750.000,00 \u20ac<\/td>\n<\/tr>\n<tr>\n<td width=\"159\">1.000 persones<\/td>\n<td width=\"119\">900.000,00 \u20ac<\/td>\n<\/tr>\n<tr>\n<td width=\"159\">1.500 persones<\/td>\n<td width=\"119\">1.200.000,00 \u20ac<\/td>\n<\/tr>\n<tr>\n<td width=\"159\">2.500 persones<\/td>\n<td width=\"119\">1.600.000,00 \u20ac<\/td>\n<\/tr>\n<tr>\n<td width=\"159\">5.000 persones<\/td>\n<td width=\"119\">2.000.000,00 \u20ac<\/td>\n<\/tr>\n<\/tbody>\n<\/table>\n<p>&nbsp;<\/p>\n<p>Quan l&#8217;aforament autoritzat sigui superior a 5.000 persones s&#8217;ha d&#8217;incrementar la quantitat m\u00ednima de capital assegurat en 60.000 \u20ac per cada 1.000 persones o fracci\u00f3 d&#8217;aforament autoritzat superior a les 5.000, fins arribar als 6.000.000 \u20ac.<\/p>\n<p><span style=\"color: #800000\"><strong>Legislaci\u00f3: <\/strong><\/span><a href=\"https:\/\/www.boe.es\/boe\/dias\/2009\/08\/03\/pdfs\/BOE-A-2009-12856.pdf\">LLEI 11\/2009 de 6 de Julio<\/a>\/\/ \u00a0DO. Generalitat de Catalunya 7 de setembre 2010, num. 5709<\/p>\n","protected":false},"excerpt":{"rendered":"<p>ESPECTACLES PUBLICS ORGANITZATS A CATALUNYA I EL SEU AFORAMENT Vull organitzar un espectacle musical i l\u2019Ajuntament del meu poble em demana una p\u00f2lissa de Responsabilitat Civil. Quin capital he de contractar? Quina normativa tinc que complir? Article 80\/ D.O Generalitat de Catalunya 7 de setembre 2010, n\u00ba 5709 \u00a0 Quanties m\u00ednimes: &nbsp; Les persones obligades [&hellip;]<\/p>\n","protected":false},"author":5,"featured_media":2263,"comment_status":"closed","ping_status":"closed","sticky":false,"template":"","format":"standard","meta":{"_acf_changed":false,"inline_featured_image":false,"footnotes":""},"categories":[23,11,14,12],"tags":[],"class_list":["post-2265","post","type-post","status-publish","format-standard","has-post-thumbnail","hentry","category-consells-i-recomanacions","category-general-ca","category-informacio-dinteres","category-noticies"],"acf":[],"yoast_head":"<!-- This site is optimized with the Yoast SEO plugin v27.5 - https:\/\/yoast.com\/product\/yoast-seo-wordpress\/ -->\n<title>Aforament espectacles publics organitzats a catalunya.<\/title>\n<meta name=\"description\" content=\"Vull organitzar un espectacle musical i l\u2019Ajuntament del meu poble em demana una p\u00f2lissa de Responsabilitat Civil. Quin capital he de contractar?\" \/>\n<meta name=\"robots\" content=\"index, follow, max-snippet:-1, max-image-preview:large, max-video-preview:-1\" \/>\n<link rel=\"canonical\" href=\"https:\/\/urquiabas.com\/ca\/aforo-espectacles-publics-organitzats\/\" \/>\n<meta property=\"og:locale\" content=\"ca_ES\" \/>\n<meta property=\"og:type\" content=\"article\" \/>\n<meta property=\"og:title\" content=\"Aforament espectacles publics organitzats a catalunya.\" \/>\n<meta property=\"og:description\" content=\"Vull organitzar un espectacle musical i l\u2019Ajuntament del meu poble em demana una p\u00f2lissa de Responsabilitat Civil. Quin capital he de contractar?\" \/>\n<meta property=\"og:url\" content=\"https:\/\/urquiabas.com\/ca\/aforo-espectacles-publics-organitzats\/\" \/>\n<meta property=\"og:site_name\" content=\"Urqu\u00eda&amp;Bas\" \/>\n<meta property=\"article:publisher\" content=\"https:\/\/www.facebook.com\/UrquiaBas\/\" \/>\n<meta property=\"article:published_time\" content=\"2017-01-30T18:31:06+00:00\" \/>\n<meta property=\"og:image\" content=\"https:\/\/urquiabas.com\/wp-content\/uploads\/2017\/01\/layoutLine.jpg\" \/>\n\t<meta property=\"og:image:width\" content=\"1300\" \/>\n\t<meta property=\"og:image:height\" content=\"493\" \/>\n\t<meta property=\"og:image:type\" content=\"image\/jpeg\" \/>\n<meta name=\"author\" content=\"urquiadmin\" \/>\n<meta name=\"twitter:card\" content=\"summary_large_image\" \/>\n<meta name=\"twitter:creator\" content=\"@BasUrquia\" \/>\n<meta name=\"twitter:site\" content=\"@BasUrquia\" \/>\n<meta name=\"twitter:label1\" content=\"Escrit per\" \/>\n\t<meta name=\"twitter:data1\" content=\"urquiadmin\" \/>\n\t<meta name=\"twitter:label2\" content=\"Temps estimat de lectura\" \/>\n\t<meta name=\"twitter:data2\" content=\"1 minut\" \/>\n<script type=\"application\/ld+json\" class=\"yoast-schema-graph\">{\"@context\":\"https:\\\/\\\/schema.org\",\"@graph\":[{\"@type\":\"Article\",\"@id\":\"https:\\\/\\\/urquiabas.com\\\/ca\\\/aforo-espectacles-publics-organitzats\\\/#article\",\"isPartOf\":{\"@id\":\"https:\\\/\\\/urquiabas.com\\\/ca\\\/aforo-espectacles-publics-organitzats\\\/\"},\"author\":{\"name\":\"urquiadmin\",\"@id\":\"https:\\\/\\\/urquiabas.com\\\/#\\\/schema\\\/person\\\/443a699c80854c00fe2e56b835df84f5\"},\"headline\":\"Aforament espectacles publics organitzats a catalunya.\",\"datePublished\":\"2017-01-30T18:31:06+00:00\",\"mainEntityOfPage\":{\"@id\":\"https:\\\/\\\/urquiabas.com\\\/ca\\\/aforo-espectacles-publics-organitzats\\\/\"},\"wordCount\":202,\"publisher\":{\"@id\":\"https:\\\/\\\/urquiabas.com\\\/#organization\"},\"image\":{\"@id\":\"https:\\\/\\\/urquiabas.com\\\/ca\\\/aforo-espectacles-publics-organitzats\\\/#primaryimage\"},\"thumbnailUrl\":\"https:\\\/\\\/urquiabas.com\\\/wp-content\\\/uploads\\\/2017\\\/01\\\/layoutLine.jpg\",\"articleSection\":[\"Consells i recomanacions\",\"General @ca\",\"Informaci\u00f3 d'inter\u00e8s\",\"Not\u00edcies\"],\"inLanguage\":\"ca\"},{\"@type\":\"WebPage\",\"@id\":\"https:\\\/\\\/urquiabas.com\\\/ca\\\/aforo-espectacles-publics-organitzats\\\/\",\"url\":\"https:\\\/\\\/urquiabas.com\\\/ca\\\/aforo-espectacles-publics-organitzats\\\/\",\"name\":\"Aforament espectacles publics organitzats a catalunya.\",\"isPartOf\":{\"@id\":\"https:\\\/\\\/urquiabas.com\\\/#website\"},\"primaryImageOfPage\":{\"@id\":\"https:\\\/\\\/urquiabas.com\\\/ca\\\/aforo-espectacles-publics-organitzats\\\/#primaryimage\"},\"image\":{\"@id\":\"https:\\\/\\\/urquiabas.com\\\/ca\\\/aforo-espectacles-publics-organitzats\\\/#primaryimage\"},\"thumbnailUrl\":\"https:\\\/\\\/urquiabas.com\\\/wp-content\\\/uploads\\\/2017\\\/01\\\/layoutLine.jpg\",\"datePublished\":\"2017-01-30T18:31:06+00:00\",\"description\":\"Vull organitzar un espectacle musical i l\u2019Ajuntament del meu poble em demana una p\u00f2lissa de Responsabilitat Civil. Quin capital he de contractar?\",\"breadcrumb\":{\"@id\":\"https:\\\/\\\/urquiabas.com\\\/ca\\\/aforo-espectacles-publics-organitzats\\\/#breadcrumb\"},\"inLanguage\":\"ca\",\"potentialAction\":[{\"@type\":\"ReadAction\",\"target\":[\"https:\\\/\\\/urquiabas.com\\\/ca\\\/aforo-espectacles-publics-organitzats\\\/\"]}]},{\"@type\":\"ImageObject\",\"inLanguage\":\"ca\",\"@id\":\"https:\\\/\\\/urquiabas.com\\\/ca\\\/aforo-espectacles-publics-organitzats\\\/#primaryimage\",\"url\":\"https:\\\/\\\/urquiabas.com\\\/wp-content\\\/uploads\\\/2017\\\/01\\\/layoutLine.jpg\",\"contentUrl\":\"https:\\\/\\\/urquiabas.com\\\/wp-content\\\/uploads\\\/2017\\\/01\\\/layoutLine.jpg\",\"width\":1300,\"height\":493},{\"@type\":\"BreadcrumbList\",\"@id\":\"https:\\\/\\\/urquiabas.com\\\/ca\\\/aforo-espectacles-publics-organitzats\\\/#breadcrumb\",\"itemListElement\":[{\"@type\":\"ListItem\",\"position\":1,\"name\":\"Portada\",\"item\":\"https:\\\/\\\/urquiabas.com\\\/\"},{\"@type\":\"ListItem\",\"position\":2,\"name\":\"Aforament espectacles publics organitzats a catalunya.\"}]},{\"@type\":\"WebSite\",\"@id\":\"https:\\\/\\\/urquiabas.com\\\/#website\",\"url\":\"https:\\\/\\\/urquiabas.com\\\/\",\"name\":\"Urqu\u00eda&amp;Bas\",\"description\":\"Corredur\u00eda de seguros | Lleida\",\"publisher\":{\"@id\":\"https:\\\/\\\/urquiabas.com\\\/#organization\"},\"potentialAction\":[{\"@type\":\"SearchAction\",\"target\":{\"@type\":\"EntryPoint\",\"urlTemplate\":\"https:\\\/\\\/urquiabas.com\\\/?s={search_term_string}\"},\"query-input\":{\"@type\":\"PropertyValueSpecification\",\"valueRequired\":true,\"valueName\":\"search_term_string\"}}],\"inLanguage\":\"ca\"},{\"@type\":\"Organization\",\"@id\":\"https:\\\/\\\/urquiabas.com\\\/#organization\",\"name\":\"Urquia & Bas S.L\",\"url\":\"https:\\\/\\\/urquiabas.com\\\/\",\"logo\":{\"@type\":\"ImageObject\",\"inLanguage\":\"ca\",\"@id\":\"https:\\\/\\\/urquiabas.com\\\/#\\\/schema\\\/logo\\\/image\\\/\",\"url\":\"https:\\\/\\\/urquiabas.com\\\/wp-content\\\/uploads\\\/2018\\\/03\\\/logoubmail2018.jpg\",\"contentUrl\":\"https:\\\/\\\/urquiabas.com\\\/wp-content\\\/uploads\\\/2018\\\/03\\\/logoubmail2018.jpg\",\"width\":258,\"height\":61,\"caption\":\"Urquia & Bas S.L\"},\"image\":{\"@id\":\"https:\\\/\\\/urquiabas.com\\\/#\\\/schema\\\/logo\\\/image\\\/\"},\"sameAs\":[\"https:\\\/\\\/www.facebook.com\\\/UrquiaBas\\\/\",\"https:\\\/\\\/x.com\\\/BasUrquia\",\"https:\\\/\\\/www.instagram.com\\\/urquiabas\\\/\",\"https:\\\/\\\/www.linkedin.com\\\/company\\\/3125928\\\/\"]},{\"@type\":\"Person\",\"@id\":\"https:\\\/\\\/urquiabas.com\\\/#\\\/schema\\\/person\\\/443a699c80854c00fe2e56b835df84f5\",\"name\":\"urquiadmin\",\"image\":{\"@type\":\"ImageObject\",\"inLanguage\":\"ca\",\"@id\":\"https:\\\/\\\/secure.gravatar.com\\\/avatar\\\/daf84a91798f9b55ba29b4a06a344e6f4e6b8e5b1c362add1bf3eced53b4b6bc?s=96&d=mm&r=g\",\"url\":\"https:\\\/\\\/secure.gravatar.com\\\/avatar\\\/daf84a91798f9b55ba29b4a06a344e6f4e6b8e5b1c362add1bf3eced53b4b6bc?s=96&d=mm&r=g\",\"contentUrl\":\"https:\\\/\\\/secure.gravatar.com\\\/avatar\\\/daf84a91798f9b55ba29b4a06a344e6f4e6b8e5b1c362add1bf3eced53b4b6bc?s=96&d=mm&r=g\",\"caption\":\"urquiadmin\"}}]}<\/script>\n<!-- \/ Yoast SEO plugin. -->","yoast_head_json":{"title":"Aforament espectacles publics organitzats a catalunya.","description":"Vull organitzar un espectacle musical i l\u2019Ajuntament del meu poble em demana una p\u00f2lissa de Responsabilitat Civil. Quin capital he de contractar?","robots":{"index":"index","follow":"follow","max-snippet":"max-snippet:-1","max-image-preview":"max-image-preview:large","max-video-preview":"max-video-preview:-1"},"canonical":"https:\/\/urquiabas.com\/ca\/aforo-espectacles-publics-organitzats\/","og_locale":"ca_ES","og_type":"article","og_title":"Aforament espectacles publics organitzats a catalunya.","og_description":"Vull organitzar un espectacle musical i l\u2019Ajuntament del meu poble em demana una p\u00f2lissa de Responsabilitat Civil. Quin capital he de contractar?","og_url":"https:\/\/urquiabas.com\/ca\/aforo-espectacles-publics-organitzats\/","og_site_name":"Urqu\u00eda&amp;Bas","article_publisher":"https:\/\/www.facebook.com\/UrquiaBas\/","article_published_time":"2017-01-30T18:31:06+00:00","og_image":[{"width":1300,"height":493,"url":"https:\/\/urquiabas.com\/wp-content\/uploads\/2017\/01\/layoutLine.jpg","type":"image\/jpeg"}],"author":"urquiadmin","twitter_card":"summary_large_image","twitter_creator":"@BasUrquia","twitter_site":"@BasUrquia","twitter_misc":{"Escrit per":"urquiadmin","Temps estimat de lectura":"1 minut"},"schema":{"@context":"https:\/\/schema.org","@graph":[{"@type":"Article","@id":"https:\/\/urquiabas.com\/ca\/aforo-espectacles-publics-organitzats\/#article","isPartOf":{"@id":"https:\/\/urquiabas.com\/ca\/aforo-espectacles-publics-organitzats\/"},"author":{"name":"urquiadmin","@id":"https:\/\/urquiabas.com\/#\/schema\/person\/443a699c80854c00fe2e56b835df84f5"},"headline":"Aforament espectacles publics organitzats a catalunya.","datePublished":"2017-01-30T18:31:06+00:00","mainEntityOfPage":{"@id":"https:\/\/urquiabas.com\/ca\/aforo-espectacles-publics-organitzats\/"},"wordCount":202,"publisher":{"@id":"https:\/\/urquiabas.com\/#organization"},"image":{"@id":"https:\/\/urquiabas.com\/ca\/aforo-espectacles-publics-organitzats\/#primaryimage"},"thumbnailUrl":"https:\/\/urquiabas.com\/wp-content\/uploads\/2017\/01\/layoutLine.jpg","articleSection":["Consells i recomanacions","General @ca","Informaci\u00f3 d'inter\u00e8s","Not\u00edcies"],"inLanguage":"ca"},{"@type":"WebPage","@id":"https:\/\/urquiabas.com\/ca\/aforo-espectacles-publics-organitzats\/","url":"https:\/\/urquiabas.com\/ca\/aforo-espectacles-publics-organitzats\/","name":"Aforament espectacles publics organitzats a catalunya.","isPartOf":{"@id":"https:\/\/urquiabas.com\/#website"},"primaryImageOfPage":{"@id":"https:\/\/urquiabas.com\/ca\/aforo-espectacles-publics-organitzats\/#primaryimage"},"image":{"@id":"https:\/\/urquiabas.com\/ca\/aforo-espectacles-publics-organitzats\/#primaryimage"},"thumbnailUrl":"https:\/\/urquiabas.com\/wp-content\/uploads\/2017\/01\/layoutLine.jpg","datePublished":"2017-01-30T18:31:06+00:00","description":"Vull organitzar un espectacle musical i l\u2019Ajuntament del meu poble em demana una p\u00f2lissa de Responsabilitat Civil. Quin capital he de contractar?","breadcrumb":{"@id":"https:\/\/urquiabas.com\/ca\/aforo-espectacles-publics-organitzats\/#breadcrumb"},"inLanguage":"ca","potentialAction":[{"@type":"ReadAction","target":["https:\/\/urquiabas.com\/ca\/aforo-espectacles-publics-organitzats\/"]}]},{"@type":"ImageObject","inLanguage":"ca","@id":"https:\/\/urquiabas.com\/ca\/aforo-espectacles-publics-organitzats\/#primaryimage","url":"https:\/\/urquiabas.com\/wp-content\/uploads\/2017\/01\/layoutLine.jpg","contentUrl":"https:\/\/urquiabas.com\/wp-content\/uploads\/2017\/01\/layoutLine.jpg","width":1300,"height":493},{"@type":"BreadcrumbList","@id":"https:\/\/urquiabas.com\/ca\/aforo-espectacles-publics-organitzats\/#breadcrumb","itemListElement":[{"@type":"ListItem","position":1,"name":"Portada","item":"https:\/\/urquiabas.com\/"},{"@type":"ListItem","position":2,"name":"Aforament espectacles publics organitzats a catalunya."}]},{"@type":"WebSite","@id":"https:\/\/urquiabas.com\/#website","url":"https:\/\/urquiabas.com\/","name":"Urqu\u00eda&amp;Bas","description":"Corredur\u00eda de seguros | Lleida","publisher":{"@id":"https:\/\/urquiabas.com\/#organization"},"potentialAction":[{"@type":"SearchAction","target":{"@type":"EntryPoint","urlTemplate":"https:\/\/urquiabas.com\/?s={search_term_string}"},"query-input":{"@type":"PropertyValueSpecification","valueRequired":true,"valueName":"search_term_string"}}],"inLanguage":"ca"},{"@type":"Organization","@id":"https:\/\/urquiabas.com\/#organization","name":"Urquia & Bas S.L","url":"https:\/\/urquiabas.com\/","logo":{"@type":"ImageObject","inLanguage":"ca","@id":"https:\/\/urquiabas.com\/#\/schema\/logo\/image\/","url":"https:\/\/urquiabas.com\/wp-content\/uploads\/2018\/03\/logoubmail2018.jpg","contentUrl":"https:\/\/urquiabas.com\/wp-content\/uploads\/2018\/03\/logoubmail2018.jpg","width":258,"height":61,"caption":"Urquia & Bas S.L"},"image":{"@id":"https:\/\/urquiabas.com\/#\/schema\/logo\/image\/"},"sameAs":["https:\/\/www.facebook.com\/UrquiaBas\/","https:\/\/x.com\/BasUrquia","https:\/\/www.instagram.com\/urquiabas\/","https:\/\/www.linkedin.com\/company\/3125928\/"]},{"@type":"Person","@id":"https:\/\/urquiabas.com\/#\/schema\/person\/443a699c80854c00fe2e56b835df84f5","name":"urquiadmin","image":{"@type":"ImageObject","inLanguage":"ca","@id":"https:\/\/secure.gravatar.com\/avatar\/daf84a91798f9b55ba29b4a06a344e6f4e6b8e5b1c362add1bf3eced53b4b6bc?s=96&d=mm&r=g","url":"https:\/\/secure.gravatar.com\/avatar\/daf84a91798f9b55ba29b4a06a344e6f4e6b8e5b1c362add1bf3eced53b4b6bc?s=96&d=mm&r=g","contentUrl":"https:\/\/secure.gravatar.com\/avatar\/daf84a91798f9b55ba29b4a06a344e6f4e6b8e5b1c362add1bf3eced53b4b6bc?s=96&d=mm&r=g","caption":"urquiadmin"}}]}},"_links":{"self":[{"href":"https:\/\/urquiabas.com\/ca\/wp-json\/wp\/v2\/posts\/2265","targetHints":{"allow":["GET"]}}],"collection":[{"href":"https:\/\/urquiabas.com\/ca\/wp-json\/wp\/v2\/posts"}],"about":[{"href":"https:\/\/urquiabas.com\/ca\/wp-json\/wp\/v2\/types\/post"}],"author":[{"embeddable":true,"href":"https:\/\/urquiabas.com\/ca\/wp-json\/wp\/v2\/users\/5"}],"replies":[{"embeddable":true,"href":"https:\/\/urquiabas.com\/ca\/wp-json\/wp\/v2\/comments?post=2265"}],"version-history":[{"count":0,"href":"https:\/\/urquiabas.com\/ca\/wp-json\/wp\/v2\/posts\/2265\/revisions"}],"wp:featuredmedia":[{"embeddable":true,"href":"https:\/\/urquiabas.com\/ca\/wp-json\/wp\/v2\/media\/2263"}],"wp:attachment":[{"href":"https:\/\/urquiabas.com\/ca\/wp-json\/wp\/v2\/media?parent=2265"}],"wp:term":[{"taxonomy":"category","embeddable":true,"href":"https:\/\/urquiabas.com\/ca\/wp-json\/wp\/v2\/categories?post=2265"},{"taxonomy":"post_tag","embeddable":true,"href":"https:\/\/urquiabas.com\/ca\/wp-json\/wp\/v2\/tags?post=2265"}],"curies":[{"name":"wp","href":"https:\/\/api.w.org\/{rel}","templated":true}]}}