{"id":2312,"date":"2017-03-14T17:43:50","date_gmt":"2017-03-14T17:43:50","guid":{"rendered":"http:\/\/urquiabas.com\/?p=2312\/"},"modified":"2026-02-13T11:59:57","modified_gmt":"2026-02-13T10:59:57","slug":"la-ciberdelincuencia-i-el-teu-negoci","status":"publish","type":"post","link":"https:\/\/urquiabas.com\/ca\/la-ciberdelincuencia-i-el-teu-negoci\/","title":{"rendered":"La CiberDelinq\u00fc\u00e8ncia i el teu negoci"},"content":{"rendered":"\t\t<div data-elementor-type=\"wp-post\" data-elementor-id=\"2312\" class=\"elementor elementor-2312 elementor-2310\" data-elementor-post-type=\"post\">\n\t\t\t\t<div class=\"elementor-element elementor-element-18c85006 e-flex e-con-boxed e-con e-parent\" data-id=\"18c85006\" data-element_type=\"container\" data-e-type=\"container\" data-settings=\"{&quot;background_background&quot;:&quot;classic&quot;}\">\n\t\t\t\t\t<div class=\"e-con-inner\">\n\t\t\t\t<div class=\"elementor-element elementor-element-5560e712 elementor-widget elementor-widget-text-editor\" data-id=\"5560e712\" data-element_type=\"widget\" data-e-type=\"widget\" data-widget_type=\"text-editor.default\">\n\t\t\t\t\t\t\t\t\t<p><strong><span style=\"font-family: 'Verdana',sans-serif; font-size: 12.0pt;\">Reflexiones sobre la ciberdelincuencia<\/span><\/strong><\/p><p><span style=\"font-family: 'Verdana',sans-serif; font-size: 12.0pt;\">\u00a0<\/span><\/p><p><span style=\"font-family: 'Verdana',sans-serif; font-size: 12.0pt;\">Cuando a Lionel Terray (gran escalador franc\u00e9s de principios de siglo XX) le preguntaron, <strong>\u00bfPor qu\u00e9 sube monta\u00f1as?<\/strong>, respondi\u00f3 de forma inocente: <strong>porqu\u00e9 est\u00e1n ah\u00ed.<\/strong><\/span><\/p><p><span style=\"font-family: 'Verdana',sans-serif; font-size: 12.0pt;\">\u00a0<\/span><strong><span style=\"font-family: 'Verdana',sans-serif; font-size: 12.0pt;\">\u00bfPor qu\u00e9 crece tanto la ciberdelincuencia?<\/span><\/strong><span style=\"font-family: 'Verdana',sans-serif; font-size: 12.0pt;\">, porque <strong>internet est\u00e1 ah\u00ed.<\/strong><\/span><span style=\"font-family: 'Verdana',sans-serif; font-size: 12.0pt; color: black;\">A medida que aumentan las actividades empresariales que se realizan on-line, se incrementa el n\u00famero de consumidores que se conectan a Internet en todo el mundo y proliferan los dispositivos aut\u00f3nomos conectados a la Red, crecen las oportunidades para cometer ciberdelitos.<\/span><\/p><p><span style=\"font-family: 'Verdana',sans-serif; font-size: 12.0pt; color: black;\">\u00a0<\/span><span style=\"font-family: 'Verdana',sans-serif; font-size: 12.0pt; color: black;\">Y, adem\u00e1s, los ciberdelincuentes est\u00e1n incentivados: <\/span><\/p><ul><li><span style=\"font-family: 'Verdana',sans-serif; font-size: 12.0pt; color: black;\">genera grandes ganancias <\/span><\/li><li><span style=\"font-family: 'Verdana',sans-serif; font-size: 12.0pt; color: black;\">con un riesgo m\u00ednimo y <\/span><\/li><li><span style=\"font-family: 'Verdana',sans-serif; font-size: 12.0pt; color: black;\">a un coste, relativamente bajo para los hackers. <\/span><\/li><\/ul><p><span style=\"font-family: 'Verdana',sans-serif; font-size: 12.0pt; color: black;\">\u00a0<\/span><span style=\"font-family: 'Verdana',sans-serif; font-size: 12.0pt;\">Seg\u00fan c\u00e1lculos de McAfee, el costo anual de la ciberdelincuencia en la econom\u00eda global se halla entre 375.000 y 575.000 mill. $, cifra que incluye tanto las ganancias de los delincuentes como los costes que suponen a las empresas la recuperaci\u00f3n y la defensa.<\/span><\/p><p><span style=\"font-family: 'Verdana',sans-serif; font-size: 12.0pt;\">\u00a0<\/span><\/p><p><span style=\"font-family: 'Verdana',sans-serif; font-size: 12.0pt;\">El factor m\u00e1s importante para determinar el coste de la ciberdelincuencia es el da\u00f1o que causa a los resultados de las empresas: <\/span><span style=\"font-family: 'Verdana',sans-serif; font-size: 12.0pt;\">\u00a0<\/span><\/p><ul><li><span style=\"font-family: 'Verdana',sans-serif; font-size: 12.0pt;\">p\u00e9rdida de propiedad intelectual, <\/span><\/li><li><span style=\"font-family: 'Verdana',sans-serif; font-size: 12.0pt;\">el robo de activos financieros, <\/span><\/li><li><span style=\"font-family: 'Verdana',sans-serif; font-size: 12.0pt;\">informaci\u00f3n confidencial de la empresa, <\/span><\/li><li><span style=\"font-family: 'Verdana',sans-serif; font-size: 12.0pt;\">costes de oportunidad, <\/span><\/li><li><span style=\"font-family: 'Verdana',sans-serif; font-size: 12.0pt;\">protecci\u00f3n de redes, <\/span><\/li><li><span style=\"font-family: 'Verdana',sans-serif; font-size: 12.0pt;\">recuperaci\u00f3n de datos, <\/span><\/li><li><span style=\"font-family: 'Verdana',sans-serif; font-size: 12.0pt;\">da\u00f1os sufridos por la reputaci\u00f3n de la empresa.<\/span><\/li><\/ul><p><strong><span style=\"font-family: 'Verdana',sans-serif; font-size: 12.0pt;\">P\u00e9rdida de la propiedad intelectual y freno a la innovaci\u00f3n<\/span><\/strong><\/p><p><span style=\"font-family: 'Verdana',sans-serif; font-size: 12.0pt; color: black;\">Son las p\u00e9rdidas m\u00e1s dif\u00edciles de cuantificar, sin embargo, tambi\u00e9n son la variable m\u00e1s importante para determinar los da\u00f1os globales. La ciberdelincuencia es un lastre para la innovaci\u00f3n. Al mermar la rentabilidad de la propiedad intelectual, la ciberdelincuencia desincentiva de manera invisible la innovaci\u00f3n.<\/span><\/p><p><span style=\"font-family: 'Verdana',sans-serif; font-size: 12.0pt; color: black;\">Seg\u00fan Cristina Rodr\u00edguez en Dirigentedigital.com, en USA se calcula que el robo de secretos comerciales cuesta a la empresas 300.000 mill.\u20ac anuales.<\/span><\/p><p><span style=\"font-family: 'Verdana',sans-serif; font-size: 12.0pt; color: black;\">\u00a0<\/span><\/p><p><strong><span style=\"font-family: 'Verdana',sans-serif; font-size: 12.0pt;\">Robo de activos financieros (o, delincuencia libre de riesgos)<\/span><\/strong><\/p><p><span style=\"font-family: 'Verdana',sans-serif; font-size: 12.0pt; color: black;\">En los delitos financieros m\u00e1s devastadores, los hackers penetran en las redes bancarias, y obtienen acceso a las cuentas para transferir fondos. Estos sofisticados atracos en los que se roban millones de d\u00f3lares a los bancos son un fen\u00f3meno global.<\/span><\/p><p><span style=\"font-family: 'Verdana',sans-serif; font-size: 12.0pt; color: black;\">\u00a0<\/span><\/p><p><span style=\"font-family: 'Verdana',sans-serif; font-size: 12.0pt; color: black;\">Sin embargo, es el robo de la informaci\u00f3n de las tarjetas de cr\u00e9dito de millones de personas lo que recibe mayor atenci\u00f3n. <\/span><\/p><p><span style=\"font-family: 'Verdana',sans-serif; font-size: 12.0pt; color: black;\">En 2013, las p\u00e9rdidas comunicadas por los minoristas en el Reino Unido ascendieron a 850 mill. <\/span><\/p><p><span style=\"font-family: 'Verdana',sans-serif; font-size: 12.0pt; color: black;\">Dado que, el riesgo de sanciones para los hackers es m\u00ednimo, se espera que <strong>este tipo de ciberdelincuencia aumentar\u00e1.<\/strong><\/span><\/p><p><span style=\"font-family: 'Verdana',sans-serif; font-size: 12.0pt; color: black;\">\u00a0<\/span><\/p><p><strong><span style=\"font-family: 'Verdana',sans-serif; font-size: 12.0pt;\">Informaci\u00f3n confidencial de las empresas y manipulaci\u00f3n de los<\/span><\/strong> <strong><span style=\"font-family: 'Verdana',sans-serif; font-size: 12.0pt;\">mercados<\/span><\/strong><span style=\"font-family: 'Verdana',sans-serif; font-size: 12.0pt; color: #d41243;\">\u00a0<\/span><\/p><p><span style=\"font-family: 'Verdana',sans-serif; font-size: 12.0pt; color: black;\">El robo de informaci\u00f3n confidencial de una empresa \u2014informaci\u00f3n de inversiones, datos de investigaciones y negociaciones comerciales secretas\u2014 puede rendir ganancias inmediatas.<\/span><\/p><p><span style=\"font-family: 'Verdana',sans-serif; font-size: 12.0pt; color: black;\">Una empresa brit\u00e1nica inform\u00f3 a las autoridades de p\u00e9rdidas de 1300 millones de d\u00f3lares debido a una fuga de propiedad intelectual que<\/span><\/p><p><span style=\"font-family: 'Verdana',sans-serif; font-size: 12.0pt; color: black;\">le ha supuesto una desventaja en su posici\u00f3n frente a la competencia. <\/span><\/p><p><span style=\"font-family: 'Verdana',sans-serif; font-size: 12.0pt; color: black;\">Las actividades de los hackers en bancos centrales y ministerios de finanzas pueden reportarles informaci\u00f3n econ\u00f3mica de gran valor para averiguar las tendencias de los mercados o los tipos de inter\u00e9s. <\/span><\/p><p><span style=\"font-family: 'Verdana',sans-serif; font-size: 12.0pt; color: black;\">La ciberdelincuencia prolifera en el \u00e1rea de los mercados burs\u00e1tiles. Si consiguen introducirse en las redes de una empresa o de sus abogados o contables, los ciberdelincuentes pueden hacerse con\u00a0<\/span><span style=\"font-family: 'Verdana',sans-serif; font-size: 12.0pt; color: black;\">informaci\u00f3n privilegiada sobre planes de fusiones y adquisiciones, informes de resultados trimestrales u otros datos que afecten a la cotizaci\u00f3n en bolsa de la empresa.<\/span><\/p><p><span style=\"font-family: 'Verdana',sans-serif; font-size: 12.0pt; color: black;\">Adem\u00e1s, ser\u00eda muy dif\u00edcil detectar a los ciberdelincuentes que aprovechen esta informaci\u00f3n para operar en el mercado de valores. Por ejemplo, las autoridades de regulaci\u00f3n financiera de Turqu\u00eda descubrieron una actividad sospechosa que ten\u00eda como objetivo llevar a cabo operaciones especulativas y de manipulaci\u00f3n del mercado. <\/span><\/p><p><span style=\"font-family: 'Verdana',sans-serif; font-size: 12.0pt; color: black;\">En el caso de los ciberdelincuentes de m\u00e1s alto nivel, no hay que descartar que sus actividades principales den paso a una manipulaci\u00f3n financiera que ser\u00e1 extremadamente dif\u00edcil de detectar.<\/span><\/p><p><strong><span style=\"font-family: 'Verdana',sans-serif; font-size: 12.0pt;\">Costes de oportunidad<\/span><\/strong><\/p><p><span style=\"font-family: 'Verdana',sans-serif; font-size: 12.0pt; color: black;\">El coste de oportunidad es el valor de las actividades descartadas. <\/span><\/p><p><span style=\"font-family: 'Verdana',sans-serif; font-size: 12.0pt; color: black;\">Hay tres tipos de costes de oportunidad que determinan las p\u00e9rdidas derivadas de la ciberdelincuencia: <\/span><\/p><p><span style=\"font-family: 'Verdana',sans-serif; font-size: 12.0pt; color: black;\">una reducci\u00f3n de la inversi\u00f3n en investigaci\u00f3n y desarrollo (I+D), <\/span><\/p><p><span style=\"font-family: 'Verdana',sans-serif; font-size: 12.0pt; color: black;\">un comportamiento reticente al riesgo por parte de empresas y consumidores, y un aumento del gasto en seguridad de la red. <\/span><\/p><p><strong><span style=\"font-family: 'Verdana',sans-serif; font-size: 12.0pt;\">Protecci\u00f3n de redes<\/span><\/strong><\/p><p><span style=\"font-family: 'Verdana',sans-serif; font-size: 12.0pt; color: black;\">Para las empresas, el mayor coste de oportunidad procede del dinero invertido en proteger sus redes. Aunque las empresas seguir\u00e1n dedicando recursos a la seguridad, a pesar de la gran reducci\u00f3n del riesgo en el entorno digital, la omnipresente ciberdelincuencia les condena a pagar una &#8220;prima de riesgo&#8221;.<\/span><\/p><p><span style=\"font-family: 'Verdana',sans-serif; font-size: 12.0pt; color: black;\">Otra perspectiva para evaluar el coste de oportunidad de la ciberdelincuencia ser\u00eda considerar la p\u00e9rdida como una parte inherente de la econom\u00eda de Internet.<\/span><\/p><p><span style=\"font-family: 'Verdana',sans-serif; font-size: 12.0pt; color: black;\">Seg\u00fan algunos estudios, la econom\u00eda de Internet genera al a\u00f1o en el mundo entre 2000 y 3000 billones de d\u00f3lares, y se espera que esta cifra crezca r\u00e1pidamente. <\/span><\/p><p><span style=\"font-family: 'Verdana',sans-serif; font-size: 12.0pt; color: black;\">Nuestras estimaciones sugieren que la ciberdelincuencia equivale a entre el 15 y el 20 % del valor creado por Internet, lo que supone un gravoso impuesto sobre el potencial de crecimiento econ\u00f3mico y sobre la creaci\u00f3n de empleo.<\/span><\/p><p><strong><span style=\"font-family: 'Verdana',sans-serif; font-size: 12.0pt;\">Costos de recuperaci\u00f3n y reputacionales<\/span><\/strong><\/p><p><span style=\"font-family: 'Verdana',sans-serif; font-size: 12.0pt; color: black;\">Reparar las consecuencias de la ciberdelincuencia es caro. El coste de la recuperaci\u00f3n tras sufrir un ciberfraude o una filtraci\u00f3n de datos para las empresas individuales est\u00e1 aumentando. Adem\u00e1s, aunque es cierto que los ciberdelincuentes no podr\u00e1n rentabilizar la totalidad de la informaci\u00f3n que roben, esto no cambia el gasto en el que incurrir\u00e1 la v\u00edctima, es decir, el costo total de la recuperaci\u00f3n es superior a las ganancias que obtendr\u00e1n los ciberdelincuentes.<\/span><\/p><p><span style=\"font-family: 'Verdana',sans-serif; font-size: 12.0pt; color: black;\"> Un estudio acerca del costo de la ciberdelincuencia en Italia descubri\u00f3 que mientras que las p\u00e9rdidas reales solo llegaban a 875 millones de d\u00f3lares, los gastos en recuperaci\u00f3n y los costos de oportunidad alcanzaron los 8500 millones. <\/span><\/p><p><span style=\"font-family: 'Verdana',sans-serif; font-size: 12.0pt; color: black;\">Para la sociedad, las consecuencias reales pasan por pagar la factura de la recuperaci\u00f3n y para la empresa, incluyen los da\u00f1os a la imagen de marca y otras p\u00e9rdidas relacionadas con la reputaci\u00f3n, as\u00ed como el deterioro (o la p\u00e9rdida) de las relaciones con los clientes.<\/span><\/p><p><strong><span style=\"font-family: 'Verdana',sans-serif; font-size: 12.0pt;\">\u00bfPor qu\u00e9 crece tanto la ciberdelincuencia?.<\/span><\/strong><\/p><p><strong><span style=\"font-family: 'Verdana',sans-serif; font-size: 12.0pt;\">Incentivos y crecimiento continuado<\/span><\/strong><\/p><p><span style=\"font-family: 'Verdana',sans-serif; font-size: 12.0pt; color: black;\">Sin embargo, en el caso de los defensores ocurre justo lo contrario. Las empresas e individuos toman decisiones sobre c\u00f3mo gestionar las posibles p\u00e9rdidas derivadas de la ciberdelincuencia en funci\u00f3n de los riesgos que est\u00e1n dispuestos a aceptar y el dinero que est\u00e1n dispuestos a gastar para mitigar dichos riesgos. El problema es que, si las empresas no son conscientes de sus p\u00e9rdidas o menosprecian su vulnerabilidad, entonces subestiman los riesgos.<\/span><\/p><p><span style=\"font-family: 'Verdana',sans-serif; font-size: 12.0pt; color: black;\">Las p\u00e9rdidas a causa del robo de propiedad intelectual repuntar\u00e1n si los pa\u00edses que la adquieren mejoran su capacidad para utilizar dicha informaci\u00f3n para fabricar sus propios productos. La ciberdelincuencia constituye un impuesto sobre la innovaci\u00f3n y retrasa el ritmo de la innovaci\u00f3n en el mundo, ya que reduce la tasa de rendimiento para innovadores e inversores.<\/span><\/p><p><span style=\"font-family: 'Verdana',sans-serif; font-size: 12.0pt; color: black;\"> Es indispensable que los gobiernos inicien un esfuerzo serio y sistem\u00e1tico para recopilar y publicar datos sobre la ciberdelincuencia, con el fin de ayudar a pa\u00edses y empresas a tomar las decisiones correctas sobre riesgos y estrategias. Si no se implementan los cambios necesarios, la ciberdelincuencia solo puede depararnos m\u00e1s p\u00e9rdidas y ralentizar el crecimiento.<\/span><\/p><p class=\"has-text-align-center\"><strong><span style=\"font-family: 'Verdana',sans-serif; font-size: 12.0pt;\">REFLEXIONES FRENTE AL CIBER ATAQUE<\/span><\/strong><\/p><ul><li><span style=\"font-family: 'Verdana',sans-serif; font-size: 12.0pt;\">M\u00e1s de 1.000.000 de personas son v\u00edctimas de delitos cibern\u00e9ticos cada d\u00eda<\/span><\/li><li><span style=\"font-family: 'Verdana',sans-serif; font-size: 12.0pt;\">M\u00e1s del 50% de las violaciones de datos se produjeron por errores humanos<\/span><\/li><li><span style=\"font-family: 'Verdana',sans-serif; font-size: 12.0pt;\">M\u00e1s del 30% de los ataques son producidos por \u201cpiratas inform\u00e1ticos\u201d<\/span><\/li><li><span style=\"font-family: 'Verdana',sans-serif; font-size: 12.0pt;\">En 2011 se contaminaron casi 200 millones de ficheros, en 2015 \u2026. ya no se pueden contar, pero se estiman en m\u00e1s de 10.000 millones.<\/span><\/li><li><span style=\"font-family: 'Verdana',sans-serif; font-size: 12.0pt;\">Las peque\u00f1as y medianas empresas son su blanco favorito: el 50% de los ciberataques han sido contra ellas.<\/span><\/li><li><span style=\"font-family: 'Verdana',sans-serif; font-size: 12.0pt;\">La mayor\u00eda de los ataques, son aleatorios (80%), es decir, le puede tocar a cualquiera.<\/span><\/li><li><span style=\"font-family: 'Verdana',sans-serif; font-size: 12.0pt;\">La mayor\u00eda de estos ataques o intrusiones no son detectados hasta varios meses despu\u00e9s.<\/span><\/li><li><span style=\"font-family: 'Verdana',sans-serif; font-size: 12.0pt;\">Los tel\u00e9fonos m\u00f3viles son ahora el blanco favorito de los hackers (en especial los de sistema Android)<\/span><\/li><li><span style=\"font-family: 'Verdana',sans-serif; font-size: 12.0pt;\">Se esperan ataques contra los sistemas GPS o las bolsas de valores<\/span><\/li><li><span style=\"font-family: 'Verdana',sans-serif; font-size: 12.0pt;\">El Internet de las cosas ser\u00e1 el principal objetivo de los ataques inform\u00e1ticos del 2017<\/span><\/li><li><span style=\"font-family: 'Verdana',sans-serif; font-size: 12.0pt;\">Los secuestros online aumentaran <\/span><\/li><\/ul><p><span style=\"font-family: 'Verdana',sans-serif; font-size: 12.0pt; color: black;\">\u00a0<\/span><\/p>\t\t\t\t\t\t\t\t<\/div>\n\t\t\t\t\t<\/div>\n\t\t\t\t<\/div>\n\t\t\t\t<\/div>\n\t\t","protected":false},"excerpt":{"rendered":"<p>Reflexiones sobre la ciberdelincuencia \u00a0 Cuando a Lionel Terray (gran escalador franc\u00e9s de principios de siglo XX) le preguntaron, \u00bfPor qu\u00e9 sube monta\u00f1as?, respondi\u00f3 de forma inocente: porqu\u00e9 est\u00e1n ah\u00ed. \u00a0\u00bfPor qu\u00e9 crece tanto la ciberdelincuencia?, porque internet est\u00e1 ah\u00ed.A medida que aumentan las actividades empresariales que se realizan on-line, se incrementa el n\u00famero de [&hellip;]<\/p>\n","protected":false},"author":5,"featured_media":2311,"comment_status":"closed","ping_status":"closed","sticky":false,"template":"","format":"standard","meta":{"_acf_changed":false,"inline_featured_image":false,"footnotes":""},"categories":[29,23,13,11,14,12],"tags":[],"class_list":["post-2312","post","type-post","status-publish","format-standard","has-post-thumbnail","hentry","category-ciber-ca","category-consells-i-recomanacions","category-economica-ca","category-general-ca","category-informacio-dinteres","category-noticies"],"acf":[],"yoast_head":"<!-- This site is optimized with the Yoast SEO plugin v27.5 - https:\/\/yoast.com\/product\/yoast-seo-wordpress\/ -->\n<title>La CiberDelinq\u00fc\u00e8ncia i el teu negoci<\/title>\n<meta name=\"description\" content=\"La ciberdelinq\u00fc\u00e8ncia, les conseq\u00fc\u00e8ncies de com afectaran al teu negoci els atacs inform\u00e0tics en 2017 i quins van a ser els predominants.\" \/>\n<meta name=\"robots\" content=\"index, follow, max-snippet:-1, max-image-preview:large, max-video-preview:-1\" \/>\n<link rel=\"canonical\" href=\"https:\/\/urquiabas.com\/ca\/la-ciberdelincuencia-i-el-teu-negoci\/\" \/>\n<meta property=\"og:locale\" content=\"ca_ES\" \/>\n<meta property=\"og:type\" content=\"article\" \/>\n<meta property=\"og:title\" content=\"La CiberDelinq\u00fc\u00e8ncia i el teu negoci\" \/>\n<meta property=\"og:description\" content=\"La ciberdelinq\u00fc\u00e8ncia, les conseq\u00fc\u00e8ncies de com afectaran al teu negoci els atacs inform\u00e0tics en 2017 i quins van a ser els predominants.\" \/>\n<meta property=\"og:url\" content=\"https:\/\/urquiabas.com\/ca\/la-ciberdelincuencia-i-el-teu-negoci\/\" \/>\n<meta property=\"og:site_name\" content=\"Urqu\u00eda&amp;Bas\" \/>\n<meta property=\"article:publisher\" content=\"https:\/\/www.facebook.com\/UrquiaBas\/\" \/>\n<meta property=\"article:published_time\" content=\"2017-03-14T17:43:50+00:00\" \/>\n<meta property=\"article:modified_time\" content=\"2026-02-13T10:59:57+00:00\" \/>\n<meta property=\"og:image\" content=\"https:\/\/urquiabas.com\/wp-content\/uploads\/2017\/03\/Newsciber.jpg\" \/>\n\t<meta property=\"og:image:width\" content=\"1870\" \/>\n\t<meta property=\"og:image:height\" content=\"875\" \/>\n\t<meta property=\"og:image:type\" content=\"image\/jpeg\" \/>\n<meta name=\"author\" content=\"urquiadmin\" \/>\n<meta name=\"twitter:card\" content=\"summary_large_image\" \/>\n<meta name=\"twitter:creator\" content=\"@BasUrquia\" \/>\n<meta name=\"twitter:site\" content=\"@BasUrquia\" \/>\n<meta name=\"twitter:label1\" content=\"Escrit per\" \/>\n\t<meta name=\"twitter:data1\" content=\"urquiadmin\" \/>\n\t<meta name=\"twitter:label2\" content=\"Temps estimat de lectura\" \/>\n\t<meta name=\"twitter:data2\" content=\"8 minuts\" \/>\n<script type=\"application\/ld+json\" class=\"yoast-schema-graph\">{\"@context\":\"https:\\\/\\\/schema.org\",\"@graph\":[{\"@type\":\"Article\",\"@id\":\"https:\\\/\\\/urquiabas.com\\\/ca\\\/la-ciberdelincuencia-i-el-teu-negoci\\\/#article\",\"isPartOf\":{\"@id\":\"https:\\\/\\\/urquiabas.com\\\/ca\\\/la-ciberdelincuencia-i-el-teu-negoci\\\/\"},\"author\":{\"name\":\"urquiadmin\",\"@id\":\"https:\\\/\\\/urquiabas.com\\\/#\\\/schema\\\/person\\\/443a699c80854c00fe2e56b835df84f5\"},\"headline\":\"La CiberDelinq\u00fc\u00e8ncia i el teu negoci\",\"datePublished\":\"2017-03-14T17:43:50+00:00\",\"dateModified\":\"2026-02-13T10:59:57+00:00\",\"mainEntityOfPage\":{\"@id\":\"https:\\\/\\\/urquiabas.com\\\/ca\\\/la-ciberdelincuencia-i-el-teu-negoci\\\/\"},\"wordCount\":1439,\"publisher\":{\"@id\":\"https:\\\/\\\/urquiabas.com\\\/#organization\"},\"image\":{\"@id\":\"https:\\\/\\\/urquiabas.com\\\/ca\\\/la-ciberdelincuencia-i-el-teu-negoci\\\/#primaryimage\"},\"thumbnailUrl\":\"https:\\\/\\\/urquiabas.com\\\/wp-content\\\/uploads\\\/2017\\\/03\\\/Newsciber.jpg\",\"articleSection\":[\"Ciber\",\"Consells i recomanacions\",\"Econ\u00f2mica\",\"General @ca\",\"Informaci\u00f3 d'inter\u00e8s\",\"Not\u00edcies\"],\"inLanguage\":\"ca\"},{\"@type\":\"WebPage\",\"@id\":\"https:\\\/\\\/urquiabas.com\\\/ca\\\/la-ciberdelincuencia-i-el-teu-negoci\\\/\",\"url\":\"https:\\\/\\\/urquiabas.com\\\/ca\\\/la-ciberdelincuencia-i-el-teu-negoci\\\/\",\"name\":\"La CiberDelinq\u00fc\u00e8ncia i el teu negoci\",\"isPartOf\":{\"@id\":\"https:\\\/\\\/urquiabas.com\\\/#website\"},\"primaryImageOfPage\":{\"@id\":\"https:\\\/\\\/urquiabas.com\\\/ca\\\/la-ciberdelincuencia-i-el-teu-negoci\\\/#primaryimage\"},\"image\":{\"@id\":\"https:\\\/\\\/urquiabas.com\\\/ca\\\/la-ciberdelincuencia-i-el-teu-negoci\\\/#primaryimage\"},\"thumbnailUrl\":\"https:\\\/\\\/urquiabas.com\\\/wp-content\\\/uploads\\\/2017\\\/03\\\/Newsciber.jpg\",\"datePublished\":\"2017-03-14T17:43:50+00:00\",\"dateModified\":\"2026-02-13T10:59:57+00:00\",\"description\":\"La ciberdelinq\u00fc\u00e8ncia, les conseq\u00fc\u00e8ncies de com afectaran al teu negoci els atacs inform\u00e0tics en 2017 i quins van a ser els predominants.\",\"breadcrumb\":{\"@id\":\"https:\\\/\\\/urquiabas.com\\\/ca\\\/la-ciberdelincuencia-i-el-teu-negoci\\\/#breadcrumb\"},\"inLanguage\":\"ca\",\"potentialAction\":[{\"@type\":\"ReadAction\",\"target\":[\"https:\\\/\\\/urquiabas.com\\\/ca\\\/la-ciberdelincuencia-i-el-teu-negoci\\\/\"]}]},{\"@type\":\"ImageObject\",\"inLanguage\":\"ca\",\"@id\":\"https:\\\/\\\/urquiabas.com\\\/ca\\\/la-ciberdelincuencia-i-el-teu-negoci\\\/#primaryimage\",\"url\":\"https:\\\/\\\/urquiabas.com\\\/wp-content\\\/uploads\\\/2017\\\/03\\\/Newsciber.jpg\",\"contentUrl\":\"https:\\\/\\\/urquiabas.com\\\/wp-content\\\/uploads\\\/2017\\\/03\\\/Newsciber.jpg\",\"width\":1870,\"height\":875},{\"@type\":\"BreadcrumbList\",\"@id\":\"https:\\\/\\\/urquiabas.com\\\/ca\\\/la-ciberdelincuencia-i-el-teu-negoci\\\/#breadcrumb\",\"itemListElement\":[{\"@type\":\"ListItem\",\"position\":1,\"name\":\"Portada\",\"item\":\"https:\\\/\\\/urquiabas.com\\\/\"},{\"@type\":\"ListItem\",\"position\":2,\"name\":\"La CiberDelinq\u00fc\u00e8ncia i el teu negoci\"}]},{\"@type\":\"WebSite\",\"@id\":\"https:\\\/\\\/urquiabas.com\\\/#website\",\"url\":\"https:\\\/\\\/urquiabas.com\\\/\",\"name\":\"Urqu\u00eda&amp;Bas\",\"description\":\"Corredur\u00eda de seguros | Lleida\",\"publisher\":{\"@id\":\"https:\\\/\\\/urquiabas.com\\\/#organization\"},\"potentialAction\":[{\"@type\":\"SearchAction\",\"target\":{\"@type\":\"EntryPoint\",\"urlTemplate\":\"https:\\\/\\\/urquiabas.com\\\/?s={search_term_string}\"},\"query-input\":{\"@type\":\"PropertyValueSpecification\",\"valueRequired\":true,\"valueName\":\"search_term_string\"}}],\"inLanguage\":\"ca\"},{\"@type\":\"Organization\",\"@id\":\"https:\\\/\\\/urquiabas.com\\\/#organization\",\"name\":\"Urquia & Bas S.L\",\"url\":\"https:\\\/\\\/urquiabas.com\\\/\",\"logo\":{\"@type\":\"ImageObject\",\"inLanguage\":\"ca\",\"@id\":\"https:\\\/\\\/urquiabas.com\\\/#\\\/schema\\\/logo\\\/image\\\/\",\"url\":\"https:\\\/\\\/urquiabas.com\\\/wp-content\\\/uploads\\\/2018\\\/03\\\/logoubmail2018.jpg\",\"contentUrl\":\"https:\\\/\\\/urquiabas.com\\\/wp-content\\\/uploads\\\/2018\\\/03\\\/logoubmail2018.jpg\",\"width\":258,\"height\":61,\"caption\":\"Urquia & Bas S.L\"},\"image\":{\"@id\":\"https:\\\/\\\/urquiabas.com\\\/#\\\/schema\\\/logo\\\/image\\\/\"},\"sameAs\":[\"https:\\\/\\\/www.facebook.com\\\/UrquiaBas\\\/\",\"https:\\\/\\\/x.com\\\/BasUrquia\",\"https:\\\/\\\/www.instagram.com\\\/urquiabas\\\/\",\"https:\\\/\\\/www.linkedin.com\\\/company\\\/3125928\\\/\"]},{\"@type\":\"Person\",\"@id\":\"https:\\\/\\\/urquiabas.com\\\/#\\\/schema\\\/person\\\/443a699c80854c00fe2e56b835df84f5\",\"name\":\"urquiadmin\",\"image\":{\"@type\":\"ImageObject\",\"inLanguage\":\"ca\",\"@id\":\"https:\\\/\\\/secure.gravatar.com\\\/avatar\\\/daf84a91798f9b55ba29b4a06a344e6f4e6b8e5b1c362add1bf3eced53b4b6bc?s=96&d=mm&r=g\",\"url\":\"https:\\\/\\\/secure.gravatar.com\\\/avatar\\\/daf84a91798f9b55ba29b4a06a344e6f4e6b8e5b1c362add1bf3eced53b4b6bc?s=96&d=mm&r=g\",\"contentUrl\":\"https:\\\/\\\/secure.gravatar.com\\\/avatar\\\/daf84a91798f9b55ba29b4a06a344e6f4e6b8e5b1c362add1bf3eced53b4b6bc?s=96&d=mm&r=g\",\"caption\":\"urquiadmin\"}}]}<\/script>\n<!-- \/ Yoast SEO plugin. -->","yoast_head_json":{"title":"La CiberDelinq\u00fc\u00e8ncia i el teu negoci","description":"La ciberdelinq\u00fc\u00e8ncia, les conseq\u00fc\u00e8ncies de com afectaran al teu negoci els atacs inform\u00e0tics en 2017 i quins van a ser els predominants.","robots":{"index":"index","follow":"follow","max-snippet":"max-snippet:-1","max-image-preview":"max-image-preview:large","max-video-preview":"max-video-preview:-1"},"canonical":"https:\/\/urquiabas.com\/ca\/la-ciberdelincuencia-i-el-teu-negoci\/","og_locale":"ca_ES","og_type":"article","og_title":"La CiberDelinq\u00fc\u00e8ncia i el teu negoci","og_description":"La ciberdelinq\u00fc\u00e8ncia, les conseq\u00fc\u00e8ncies de com afectaran al teu negoci els atacs inform\u00e0tics en 2017 i quins van a ser els predominants.","og_url":"https:\/\/urquiabas.com\/ca\/la-ciberdelincuencia-i-el-teu-negoci\/","og_site_name":"Urqu\u00eda&amp;Bas","article_publisher":"https:\/\/www.facebook.com\/UrquiaBas\/","article_published_time":"2017-03-14T17:43:50+00:00","article_modified_time":"2026-02-13T10:59:57+00:00","og_image":[{"width":1870,"height":875,"url":"https:\/\/urquiabas.com\/wp-content\/uploads\/2017\/03\/Newsciber.jpg","type":"image\/jpeg"}],"author":"urquiadmin","twitter_card":"summary_large_image","twitter_creator":"@BasUrquia","twitter_site":"@BasUrquia","twitter_misc":{"Escrit per":"urquiadmin","Temps estimat de lectura":"8 minuts"},"schema":{"@context":"https:\/\/schema.org","@graph":[{"@type":"Article","@id":"https:\/\/urquiabas.com\/ca\/la-ciberdelincuencia-i-el-teu-negoci\/#article","isPartOf":{"@id":"https:\/\/urquiabas.com\/ca\/la-ciberdelincuencia-i-el-teu-negoci\/"},"author":{"name":"urquiadmin","@id":"https:\/\/urquiabas.com\/#\/schema\/person\/443a699c80854c00fe2e56b835df84f5"},"headline":"La CiberDelinq\u00fc\u00e8ncia i el teu negoci","datePublished":"2017-03-14T17:43:50+00:00","dateModified":"2026-02-13T10:59:57+00:00","mainEntityOfPage":{"@id":"https:\/\/urquiabas.com\/ca\/la-ciberdelincuencia-i-el-teu-negoci\/"},"wordCount":1439,"publisher":{"@id":"https:\/\/urquiabas.com\/#organization"},"image":{"@id":"https:\/\/urquiabas.com\/ca\/la-ciberdelincuencia-i-el-teu-negoci\/#primaryimage"},"thumbnailUrl":"https:\/\/urquiabas.com\/wp-content\/uploads\/2017\/03\/Newsciber.jpg","articleSection":["Ciber","Consells i recomanacions","Econ\u00f2mica","General @ca","Informaci\u00f3 d'inter\u00e8s","Not\u00edcies"],"inLanguage":"ca"},{"@type":"WebPage","@id":"https:\/\/urquiabas.com\/ca\/la-ciberdelincuencia-i-el-teu-negoci\/","url":"https:\/\/urquiabas.com\/ca\/la-ciberdelincuencia-i-el-teu-negoci\/","name":"La CiberDelinq\u00fc\u00e8ncia i el teu negoci","isPartOf":{"@id":"https:\/\/urquiabas.com\/#website"},"primaryImageOfPage":{"@id":"https:\/\/urquiabas.com\/ca\/la-ciberdelincuencia-i-el-teu-negoci\/#primaryimage"},"image":{"@id":"https:\/\/urquiabas.com\/ca\/la-ciberdelincuencia-i-el-teu-negoci\/#primaryimage"},"thumbnailUrl":"https:\/\/urquiabas.com\/wp-content\/uploads\/2017\/03\/Newsciber.jpg","datePublished":"2017-03-14T17:43:50+00:00","dateModified":"2026-02-13T10:59:57+00:00","description":"La ciberdelinq\u00fc\u00e8ncia, les conseq\u00fc\u00e8ncies de com afectaran al teu negoci els atacs inform\u00e0tics en 2017 i quins van a ser els predominants.","breadcrumb":{"@id":"https:\/\/urquiabas.com\/ca\/la-ciberdelincuencia-i-el-teu-negoci\/#breadcrumb"},"inLanguage":"ca","potentialAction":[{"@type":"ReadAction","target":["https:\/\/urquiabas.com\/ca\/la-ciberdelincuencia-i-el-teu-negoci\/"]}]},{"@type":"ImageObject","inLanguage":"ca","@id":"https:\/\/urquiabas.com\/ca\/la-ciberdelincuencia-i-el-teu-negoci\/#primaryimage","url":"https:\/\/urquiabas.com\/wp-content\/uploads\/2017\/03\/Newsciber.jpg","contentUrl":"https:\/\/urquiabas.com\/wp-content\/uploads\/2017\/03\/Newsciber.jpg","width":1870,"height":875},{"@type":"BreadcrumbList","@id":"https:\/\/urquiabas.com\/ca\/la-ciberdelincuencia-i-el-teu-negoci\/#breadcrumb","itemListElement":[{"@type":"ListItem","position":1,"name":"Portada","item":"https:\/\/urquiabas.com\/"},{"@type":"ListItem","position":2,"name":"La CiberDelinq\u00fc\u00e8ncia i el teu negoci"}]},{"@type":"WebSite","@id":"https:\/\/urquiabas.com\/#website","url":"https:\/\/urquiabas.com\/","name":"Urqu\u00eda&amp;Bas","description":"Corredur\u00eda de seguros | Lleida","publisher":{"@id":"https:\/\/urquiabas.com\/#organization"},"potentialAction":[{"@type":"SearchAction","target":{"@type":"EntryPoint","urlTemplate":"https:\/\/urquiabas.com\/?s={search_term_string}"},"query-input":{"@type":"PropertyValueSpecification","valueRequired":true,"valueName":"search_term_string"}}],"inLanguage":"ca"},{"@type":"Organization","@id":"https:\/\/urquiabas.com\/#organization","name":"Urquia & Bas S.L","url":"https:\/\/urquiabas.com\/","logo":{"@type":"ImageObject","inLanguage":"ca","@id":"https:\/\/urquiabas.com\/#\/schema\/logo\/image\/","url":"https:\/\/urquiabas.com\/wp-content\/uploads\/2018\/03\/logoubmail2018.jpg","contentUrl":"https:\/\/urquiabas.com\/wp-content\/uploads\/2018\/03\/logoubmail2018.jpg","width":258,"height":61,"caption":"Urquia & Bas S.L"},"image":{"@id":"https:\/\/urquiabas.com\/#\/schema\/logo\/image\/"},"sameAs":["https:\/\/www.facebook.com\/UrquiaBas\/","https:\/\/x.com\/BasUrquia","https:\/\/www.instagram.com\/urquiabas\/","https:\/\/www.linkedin.com\/company\/3125928\/"]},{"@type":"Person","@id":"https:\/\/urquiabas.com\/#\/schema\/person\/443a699c80854c00fe2e56b835df84f5","name":"urquiadmin","image":{"@type":"ImageObject","inLanguage":"ca","@id":"https:\/\/secure.gravatar.com\/avatar\/daf84a91798f9b55ba29b4a06a344e6f4e6b8e5b1c362add1bf3eced53b4b6bc?s=96&d=mm&r=g","url":"https:\/\/secure.gravatar.com\/avatar\/daf84a91798f9b55ba29b4a06a344e6f4e6b8e5b1c362add1bf3eced53b4b6bc?s=96&d=mm&r=g","contentUrl":"https:\/\/secure.gravatar.com\/avatar\/daf84a91798f9b55ba29b4a06a344e6f4e6b8e5b1c362add1bf3eced53b4b6bc?s=96&d=mm&r=g","caption":"urquiadmin"}}]}},"_links":{"self":[{"href":"https:\/\/urquiabas.com\/ca\/wp-json\/wp\/v2\/posts\/2312","targetHints":{"allow":["GET"]}}],"collection":[{"href":"https:\/\/urquiabas.com\/ca\/wp-json\/wp\/v2\/posts"}],"about":[{"href":"https:\/\/urquiabas.com\/ca\/wp-json\/wp\/v2\/types\/post"}],"author":[{"embeddable":true,"href":"https:\/\/urquiabas.com\/ca\/wp-json\/wp\/v2\/users\/5"}],"replies":[{"embeddable":true,"href":"https:\/\/urquiabas.com\/ca\/wp-json\/wp\/v2\/comments?post=2312"}],"version-history":[{"count":0,"href":"https:\/\/urquiabas.com\/ca\/wp-json\/wp\/v2\/posts\/2312\/revisions"}],"wp:featuredmedia":[{"embeddable":true,"href":"https:\/\/urquiabas.com\/ca\/wp-json\/wp\/v2\/media\/2311"}],"wp:attachment":[{"href":"https:\/\/urquiabas.com\/ca\/wp-json\/wp\/v2\/media?parent=2312"}],"wp:term":[{"taxonomy":"category","embeddable":true,"href":"https:\/\/urquiabas.com\/ca\/wp-json\/wp\/v2\/categories?post=2312"},{"taxonomy":"post_tag","embeddable":true,"href":"https:\/\/urquiabas.com\/ca\/wp-json\/wp\/v2\/tags?post=2312"}],"curies":[{"name":"wp","href":"https:\/\/api.w.org\/{rel}","templated":true}]}}